{"id":4758,"date":"2019-07-23T10:06:15","date_gmt":"2019-07-23T14:06:15","guid":{"rendered":"http:\/\/gobierno.udd.cl\/cpp\/?p=4758"},"modified":"2019-07-30T10:07:35","modified_gmt":"2019-07-30T14:07:35","slug":"el-analisis-a-la-gestion-del-gobierno-en-la-crisis-de-osorno-desempeno-poco-grato-y-efectos-politicos-emol","status":"publish","type":"post","link":"https:\/\/gobierno.udd.cl\/cpp\/noticias\/2019\/07\/23\/el-analisis-a-la-gestion-del-gobierno-en-la-crisis-de-osorno-desempeno-poco-grato-y-efectos-politicos-emol\/","title":{"rendered":"El an\u00e1lisis a la gesti\u00f3n del Gobierno en la crisis de Osorno: Desempe\u00f1o \u00abpoco grato\u00bb y efectos pol\u00edticos &#8211; Emol"},"content":{"rendered":"<p style=\"text-align: justify;\">SANTIAGO.- Diez d\u00edas permaneci\u00f3 sin agua potable la ciudad de Osorno, luego de que la empresa a cargo del servicio, Essal, reconociera la ca\u00edda de petr\u00f3leo en su producci\u00f3n, generando una de las crisis sanitarias m\u00e1s extensas de las que se tenga recuerdo en Chile.<\/p>\n<p style=\"text-align: justify;\">Ante ello, el Gobierno decidi\u00f3 abordar la situaci\u00f3n dejando a cargo a los ministros de Obras P\u00fablicas, Alfredo Moreno, y su par de Salud, Jaime Ma\u00f1alich, quienes incluso estuvieron en terreno supervisando el despliegue estatal para ayudar a la poblaci\u00f3n.<\/p>\n<p style=\"text-align: justify;\">En tanto, el Presidente Sebasti\u00e1n Pi\u00f1era suspendi\u00f3 un pol\u00e9mico viaje privado a EE.UU. para abordar el problema y tambi\u00e9n decidi\u00f3 viajar a la zona, en donde advirti\u00f3 sobre las sanciones que caer\u00edan sobre la empresa por el perjuicio que provoc\u00f3 a la ciudadan\u00eda.<\/p>\n<p style=\"text-align: justify;\">Sin embargo, esas acciones no tendr\u00edan el efecto deseado a juicio de los expertos, quienes aseguran que el Mandatario y sus ministros no llegaron a tiempo para enfrentar el problema, lo cual traer\u00eda consecuencias electorales para la centroderecha.<\/p>\n<p style=\"text-align: justify;\">Seg\u00fan el decano de la Facultad de Gobierno de la Universidad Central, Marco Moreno, \u201cel gobierno lleg\u00f3 tarde y sin dise\u00f1o claro para enfrentar la crisis del agua potable en Osorno. Las diversas vocer\u00edas en relaci\u00f3n con la soluci\u00f3n confundieron a la opini\u00f3n p\u00fablica\u201d.<\/p>\n<p style=\"text-align: justify;\">\u201cUna vez m\u00e1s el ministro Moreno tiene un d\u00e9ficit de gesti\u00f3n pol\u00edtica para enfrentar la crisis. El ministerio que dirige s\u00f3lo parece dependiendo de la soluci\u00f3n t\u00e9cnica que provee la empresa. Sin embargo, no controla dichas variables y tampoco las pol\u00edticas\u201d, a\u00f1adi\u00f3.<\/p>\n<p style=\"text-align: justify;\">Asimismo, advirti\u00f3 una descoordinaci\u00f3n en el mensaje del Gobierno, ya que \u201cel propio subsecretario Lucas Palacios y los parlamentarios oficialistas critican a la empresa pero el ministro y La Moneda se alinean con la respuesta t\u00e9cnica de Essal\u201d.<\/p>\n<p style=\"text-align: justify;\">Una visi\u00f3n similar plante\u00f3 el cientista pol\u00edtico y acad\u00e9mico de la Universidad de Talca, Mauricio Morales, quien se\u00f1al\u00f3 que el Gobierno qued\u00f3 \u201cen una permanente tensi\u00f3n, por un lado est\u00e1 una empresa y por otra parte est\u00e1n los ciudadanos\u201d.<\/p>\n<p style=\"text-align: justify;\">\u201cSi bien su aspiraci\u00f3n es proteger a los ciudadanos, el Gobierno no ha sido capaz de disimular el apoyo a la empresa, d\u00e1ndole una segunda oportunidad en circunstancias de que a la gente en sus trabajos dif\u00edcilmente se las dar\u00edan ante errores de esa naturaleza\u201d, dijo.<\/p>\n<p style=\"text-align: justify;\">En esa l\u00ednea, Morales advirti\u00f3 que \u201cesto se puede entender como una especie de perdonazo del Gobierno hacia la empresa y lo que la gente espera es que la misma mano dura que el Gobierno aspira a aplicar a los delincuentes, tambi\u00e9n la aplique hacia las empresas\u201d.<\/p>\n<p style=\"text-align: justify;\">\u201cPor lo tanto, ha sido un desempe\u00f1o poco grato para el Gobierno, tanto de parte del Presidente como del ministro Moreno. En ese sentido, quedan al debe y no sorprender\u00eda que el Presidente destituyera al intendente\u201d, indic\u00f3.<\/p>\n<p style=\"text-align: justify;\">Una mirada distinta tuvo el decano de la Facultad de Gobierno de la Universidad del Desarrollo, Eugenio Guzm\u00e1n, quien asegur\u00f3 que La Moneda no ten\u00eda mucho margen para poder enfrentar el problema e hizo lo que ten\u00eda que hacer.<\/p>\n<p style=\"text-align: justify;\">\u201c\u00bfPi\u00f1era pod\u00eda no ir a Osorno? No. Entonces la decisi\u00f3n de quedarse en Chile e ir all\u00e1 ten\u00eda que estar. Ahora, muchos han le\u00eddo eso como que el Presidente est\u00e1 en todas, pero y si lo decimos al rev\u00e9s: \u00bfQu\u00e9 pasaba si no iba Pi\u00f1era? La cr\u00edtica hubiera sido feroz\u201d, se\u00f1al\u00f3.<\/p>\n<p style=\"text-align: justify;\">En ese sentido, Guzm\u00e1n apunt\u00f3 que \u201cdesde ese punto de vista, es un poquito banal la cr\u00edtica que se hace de porque fue o no fue Pi\u00f1era. \u00c9l, desde un punto de vista comunicacional, ten\u00eda que ir\u201d.<\/p>\n<p style=\"text-align: justify;\">Asimismo, indic\u00f3 que \u201cevidentemente es un asunto que dada la escasa informaci\u00f3n dej\u00f3 en una situaci\u00f3n de incertidumbre a todo el equipo de Gobierno y obviamente frente a situaciones de incertidumbre no es poco lo que t\u00fa puedes hacer. No les quedaba otra\u201d.<\/p>\n<p style=\"text-align: justify;\">\u201cNo pod\u00eda hacer m\u00e1s, es como comparar con el caso de Bachelet cuando enfrent\u00f3 lo de Copiap\u00f3. Cuando se producen este tipo de accidentes, los gobiernos no tienen mucha maniobra, entonces lo que ocurre es que el adversario trata de culpar en alguna medida al Gobierno de la falta de soluciones\u201d, subray\u00f3.<\/p>\n<p style=\"text-align: justify;\"><strong>Efectos pol\u00edticos<\/strong><\/p>\n<p style=\"text-align: justify;\">En cuanto a las consecuencias que tendr\u00e1 esta crisis para el Gobierno, Moreno destac\u00f3 que \u201cel clima de opini\u00f3n y la emoci\u00f3n de indignaci\u00f3n frente a la ineficiencia de la empresa y el propio gobierno deber\u00eda expresarse en una desaprobaci\u00f3n a la gesti\u00f3n del gobierno\u201d.<\/p>\n<p style=\"text-align: justify;\">\u201cLos ciudadanos instalan la responsabilidad en quien gobierna, no en la oposici\u00f3n ni el congreso en relaci\u00f3n con este tema y lo hacen porque entienden que el \u00fanico con herramientas y capacidad para resolver este problema es el Ejecutivo\u201d, recalc\u00f3.<\/p>\n<p style=\"text-align: justify;\">Seg\u00fan el acad\u00e9mico, \u201ces el estilo y capacidad de gobierno lo que se critica y esa foto deber\u00edan captarla las encuestas. Creo que nadie en \u00e9l gobierno gana en esta pasada, pierden por acci\u00f3n u omisi\u00f3n frente a la ciudadan\u00eda en el manejo de la crisis.<\/p>\n<p style=\"text-align: justify;\">En tanto, Morales se\u00f1al\u00f3 que esta crisis \u201cle va a afectar y de hecho la est\u00e1 afectando seg\u00fan la \u00faltima encuesta Cadem, pero el principal efecto es de m\u00e1s largo plazo en las pr\u00f3ximas elecciones locales y particularmente tambi\u00e9n en la elecci\u00f3n de gobernadores regionales\u201d.<\/p>\n<p style=\"text-align: justify;\">\u201cOsorno es una de las comunas m\u00e1s relevantes de la regi\u00f3n, y por lo tanto si bien esa zona ha tendido a ser disputada, bien podr\u00eda ser que un candidato de la centroizquierda se quede con el cupo\u201d, recalc\u00f3.<\/p>\n<p style=\"text-align: justify;\">Seg\u00fan Guzm\u00e1n, \u201cesto obviamente va a tener alguna repercusi\u00f3n y probablemente va a ser capitalizado por aquellos sectores que son m\u00e1s cr\u00edticos al Gobierno, sobre todo en un a\u00f1o en que se aprontan elecciones municipales\u201d.<\/p>\n<p style=\"text-align: justify;\">\u201cDesde ese punto de vista, va a tener un efecto a futuro. La oposici\u00f3n de alguna manera ha tratado estrat\u00e9gicamente de decir que el Gobierno lo hizo mal y que de alg\u00fan modo est\u00e1 defendiendo a la empresa. Como movida t\u00e1ctica, parece bien, pero todo va a depender de la fuerza con que el Gobierno siga enjuiciando a la empresa\u201d, afirm\u00f3.<\/p>\n<p style=\"text-align: justify;\">El acad\u00e9mico destac\u00f3 que \u201cde hecho, desde un principio el Gobierno se alej\u00f3 y fue cr\u00edtico, pero la oposici\u00f3n va a seguir insistiendo por esa l\u00ednea, de tratar de decir que el Gobierno no hace nada porque est\u00e1 defendiendo los intereses de la empresa. No s\u00e9 si les va a resultar, pero van a ir por ah\u00ed\u201d.<\/p>\n<p style=\"text-align: justify;\">Adem\u00e1s, agreg\u00f3 que los efectos pol\u00edticos \u201cpueden extenderse un poco m\u00e1s, porque frente a su escasez tem\u00e1tica la oposici\u00f3n lo va a usar como una opci\u00f3n medi\u00e1tica importante. A ellos les conviene y sobre todo regionalmente, mantener el tema arriba. Eso es lo que est\u00e1 ocurriendo y lo que va a seguir ocurriendo y eso podr\u00eda tener un efecto local\u201d.<\/p>\n","protected":false},"excerpt":{"rendered":"<p>Mientras algunos expertos aseguran que el Ejecutivo hizo lo posible ante el problema, otros advirtieron un d\u00e9ficit de gesti\u00f3n que podr\u00eda traerle complicaciones electorales al oficialismo.<\/p>\n","protected":false},"author":22,"featured_media":4524,"comment_status":"open","ping_status":"open","sticky":false,"template":"","format":"standard","meta":{"footnotes":""},"categories":[10162],"tags":[],"class_list":["post-4758","post","type-post","status-publish","format-standard","has-post-thumbnail","hentry","category-centro-en-la-prensa"],"featured_image_url":"https:\/\/gobierno.udd.cl\/cpp\/files\/2019\/05\/Graficas_PoliticasPublicas-03.jpg","_links":{"self":[{"href":"https:\/\/gobierno.udd.cl\/cpp\/wp-json\/wp\/v2\/posts\/4758","targetHints":{"allow":["GET"]}}],"collection":[{"href":"https:\/\/gobierno.udd.cl\/cpp\/wp-json\/wp\/v2\/posts"}],"about":[{"href":"https:\/\/gobierno.udd.cl\/cpp\/wp-json\/wp\/v2\/types\/post"}],"author":[{"embeddable":true,"href":"https:\/\/gobierno.udd.cl\/cpp\/wp-json\/wp\/v2\/users\/22"}],"replies":[{"embeddable":true,"href":"https:\/\/gobierno.udd.cl\/cpp\/wp-json\/wp\/v2\/comments?post=4758"}],"version-history":[{"count":1,"href":"https:\/\/gobierno.udd.cl\/cpp\/wp-json\/wp\/v2\/posts\/4758\/revisions"}],"predecessor-version":[{"id":4759,"href":"https:\/\/gobierno.udd.cl\/cpp\/wp-json\/wp\/v2\/posts\/4758\/revisions\/4759"}],"wp:featuredmedia":[{"embeddable":true,"href":"https:\/\/gobierno.udd.cl\/cpp\/wp-json\/wp\/v2\/media\/4524"}],"wp:attachment":[{"href":"https:\/\/gobierno.udd.cl\/cpp\/wp-json\/wp\/v2\/media?parent=4758"}],"wp:term":[{"taxonomy":"category","embeddable":true,"href":"https:\/\/gobierno.udd.cl\/cpp\/wp-json\/wp\/v2\/categories?post=4758"},{"taxonomy":"post_tag","embeddable":true,"href":"https:\/\/gobierno.udd.cl\/cpp\/wp-json\/wp\/v2\/tags?post=4758"}],"curies":[{"name":"wp","href":"https:\/\/api.w.org\/{rel}","templated":true}]}}