{"id":4756,"date":"2019-07-27T17:01:57","date_gmt":"2019-07-27T21:01:57","guid":{"rendered":"http:\/\/gobierno.udd.cl\/cpp\/?p=4756"},"modified":"2019-07-29T17:02:05","modified_gmt":"2019-07-29T21:02:05","slug":"cuarta-edad-en-chile-86-vive-en-zonas-urbanas-5-tiene-trabajo-remunerado-y-escolaridad-promedio-llega-a-66-anos-el-mercurio","status":"publish","type":"post","link":"https:\/\/gobierno.udd.cl\/cpp\/noticias\/2019\/07\/27\/cuarta-edad-en-chile-86-vive-en-zonas-urbanas-5-tiene-trabajo-remunerado-y-escolaridad-promedio-llega-a-66-anos-el-mercurio\/","title":{"rendered":"Cuarta edad en Chile: 86% vive en zonas urbanas, 5% tiene trabajo remunerado y escolaridad promedio llega a 6,6 a\u00f1os &#8211; El Mercurio"},"content":{"rendered":"<p style=\"text-align: justify;\">Entre los 60 y 75 a\u00f1os, m\u00e1s del 90% de las personas son autovalentes y capaces de tomar decisiones por s\u00ed mismas, pero despu\u00e9s de los 80 aumenta la proporci\u00f3n de personas en situaci\u00f3n de dependencia.<\/p>\n<p style=\"text-align: justify;\">Este a\u00f1o, la \u201ccuarta edad\u201d ha estado bastante presente en el debate nacional, ya sea por iniciativas que la ata\u00f1en directamente, como la ley que oficializ\u00f3 este concepto a quienes han cumplido 80 a\u00f1os, como tambi\u00e9n de manera indirecta con la reforma de pensiones, por un lado, y la propuesta de un seguro de longevidad que beneficiar\u00eda a este grupo; como en la tributaria, por otro, con la extensi\u00f3n del beneficio de rebaja de contribuciones a los adultos mayores, donde incluso algunos ciudadanos octogenarios piden que se les excluya de esa obligaci\u00f3n.<\/p>\n<p style=\"text-align: justify;\">Independiente de las posturas y resultados, lo cierto es que el envejecimiento del pa\u00eds avanza a pasos acelerados y en este escenario cada vez m\u00e1s crece la poblaci\u00f3n que supera las ocho d\u00e9cadas. Pero \u00bfqui\u00e9nes son?, \u00bfd\u00f3nde y c\u00f3mo viven? y \u00bfqu\u00e9 los caracteriza?<\/p>\n<p style=\"text-align: justify;\">Estas son materias clave que los expertos consideran fundamentales para abordar as\u00ed las necesidades y desaf\u00edos que platea este grupo etario. Una radiograf\u00eda que el investigador de la Facultad de Gobierno de la\u00a0UDD\u00a0y director acad\u00e9mico de CIPEM (programa Conocimiento e Investigaci\u00f3n en Personas Mayores, entre esa facultad y Caja los H\u00e9roes), Mauricio Apablaza, hizo recientemente y que establece que la poblaci\u00f3n en cuarta edad llega a 470.756 personas, equivalente al 2,68% de los chilenos. De ellos, 79.509 tienen m\u00e1s de 90 a\u00f1os.<\/p>\n<p style=\"text-align: justify;\">Asimismo, el acad\u00e9mico destaca que un 85,6% vive en zonas urbanas y un 38,8% reside en la Regi\u00f3n Metropolitana. Sin embargo, proporcionalmente es la Regi\u00f3n de Valpara\u00edso la que concentra la relaci\u00f3n m\u00e1s alta de personas sobre 80 a\u00f1os, alcanzando el 3,4% de la poblaci\u00f3n de esa zona, mientras que en la capital es 2,6% del total. En t\u00e9rminos de g\u00e9nero, un 63,4% son mujeres y 16,8% vive en hogares unipersonales, mientras que en relaci\u00f3n a su origen el 8,7% se considera perteneciente al pueblo ind\u00edgena u originario y 1,7% es migrante.<\/p>\n<p style=\"text-align: justify;\">A nivel nacional, la escolaridad promedio de estos seniors alcanza a 6,6 a\u00f1os, esto es, 4,5 a\u00f1os menos que la poblaci\u00f3n total mayor de 25 a\u00f1os, siendo un 14,1% analfabeto. Por regiones, la que tiene la tasa m\u00e1s alta de analfabetismo es la del Maule (ver infograf\u00eda).<\/p>\n<p style=\"text-align: justify;\"><strong>Foco en la prevenci\u00f3n y las redes sociales. <\/strong><\/p>\n<p style=\"text-align: justify;\">El crecimiento de la cuarta edad en Chile ha sido m\u00e1s r\u00e1pido que en la mayor\u00eda de los pa\u00edses desarrollados, lo que implica un desaf\u00edo importante de actualizaci\u00f3n de pol\u00edticas p\u00fablicas, coinciden los expertos en vejez. A juicio de Apablaza, las pol\u00edticas p\u00fablicas deben ser capaces de capturar la heterogeneidad de los individuos y tener un car\u00e1cter preventivo: \u201cPor ejemplo, la extensi\u00f3n de la cobertura de los ex\u00e1menes de medicina preventiva del adulto mayor podr\u00eda anticipar situaciones de fragilidad incipientes\u201d, se\u00f1ala el acad\u00e9mico y agrega que la capacitaci\u00f3n de cuidadores y su promoci\u00f3n para el cuidado de personas mayores tal como lo hace Alemania parece ser otra necesidad inminente. Seg\u00fan el estudio, la mitad de esta poblaci\u00f3n tiene alguna condici\u00f3n permanente o de larga duraci\u00f3n o bien alguna dificultad para realizar sus actividades diarias (impedimento f\u00edsico y\/o de movilidad, problemas auditivos, visuales, entre otros). Por ello, este factor representa el mayor desaf\u00edo, dice Apablaza.<\/p>\n<p style=\"text-align: justify;\">\u00a0Al respecto, Rosita Kornfeld, experta en vejez y ex directora del SENAMA, afirma que los dos grandes pilares del buen envejecimiento son el autocuidado y las redes sociales, pues permite preservar la autonom\u00eda de los seniors. \u201cLas redes sociales ayudan a que las personas mayores est\u00e9n activas y participativas y se sientan que est\u00e1n todav\u00eda vigentes y no son una carga\u201d. Sobre las acciones para abordar la vejez, dice que por un lado se necesitan medidas urgentes para quienes est\u00e1n hoy en esta etapa, con el apoyo transversal del Estado en salud, transporte y trabajo, es decir, pol\u00edtica p\u00fablica multisectorial con el apoyo de todos los ministerios. Por otro lado, se deben idear pol\u00edticas para el futuro, siendo la m\u00e1s importante el ense\u00f1ar a la sociedad que el per\u00edodo de vejez ha aumentado y por lo tanto deben enfocarse en la alimentaci\u00f3n, salud y redes sociales, todo con miras a una autonom\u00eda activa. \u201cLos centros de d\u00eda son una gran oportunidad\u201d, sostiene.<\/p>\n<p style=\"text-align: justify;\">Para Juan Carlos Molina, geriatra director de ONE Observatorio Nacional de Envejecimiento, se requieren medidas que sean contingentes y atingentes para un grupo de personas mayores en donde \u201cdebemos desarrollar una cultura de cuidar m\u00e1s que curar y contar con servicios calificados para cuidar y sobre todo enfrentar la nueva epidemia de soledad y todos los requerimientos de sistemas sociales y m\u00e9dicos\u201d.<\/p>\n<p style=\"text-align: justify;\">Mar\u00eda Paz Carvajal, socia de 60 y M\u00e1s Consultores, coincide con lo anterior y afirma que es clave responder pronto y de formar efectiva a la crisis de cuidado que se ir\u00e1 haciendo cada vez m\u00e1s visible . \u201cDesarrollar programas de cuidados domiciliarios y paliativos, ampliar la cobertura de centros d\u00edas \u2014con especial \u00e9nfasis en temas de demencia\u2014, crear nuevos productos y servicios para mejorar la calidad de vida de las personas m\u00e1s envejecidas, generar campa\u00f1as de sensibilizaci\u00f3n para promover el buen trato a la gente mayor y los v\u00ednculos intergeneracionales positivos, son solo algunos de los avances que necesitamos como pa\u00eds para ir haciendo frente al fen\u00f3meno que se denomina envejecimiento de la vejez\u201d.<\/p>\n<p><a href=\"https:\/\/gobierno.udd.cl\/files\/2019\/07\/2019-07-27_BQ3KRSU1.jpg\"><img loading=\"lazy\" decoding=\"async\" class=\"size-medium wp-image-22637 aligncenter\" src=\"https:\/\/gobierno.udd.cl\/files\/2019\/07\/2019-07-27_BQ3KRSU1-160x300.jpg\" alt=\"\" width=\"160\" height=\"300\" \/><\/a><\/p>\n","protected":false},"excerpt":{"rendered":"<p>En el pa\u00eds, el crecimiento de la cuarta edad, es decir, personas que tienen 80 a\u00f1os y m\u00e1s, ha sido m\u00e1s r\u00e1pido que en la mayor\u00eda de las naciones desarrolladas, lo que implica un desaf\u00edo importante en la actualizaci\u00f3n de las pol\u00edticas p\u00fablicas, coinciden los expertos en adultos mayores. Estas acciones, a su vez, deben ser capaces de capturar la heterogeneidad de los individuos, como tambi\u00e9n tener un car\u00e1cter preventivo, con \u00e9nfasis en la cooperaci\u00f3n entre la sociedad civil, las mismas personas y el Estado. <\/p>\n","protected":false},"author":22,"featured_media":4478,"comment_status":"open","ping_status":"open","sticky":false,"template":"","format":"standard","meta":{"footnotes":""},"categories":[10162],"tags":[],"class_list":["post-4756","post","type-post","status-publish","format-standard","has-post-thumbnail","hentry","category-centro-en-la-prensa"],"featured_image_url":"https:\/\/gobierno.udd.cl\/cpp\/files\/2019\/06\/Graficas_PoliticasPublicas-03.jpg","_links":{"self":[{"href":"https:\/\/gobierno.udd.cl\/cpp\/wp-json\/wp\/v2\/posts\/4756","targetHints":{"allow":["GET"]}}],"collection":[{"href":"https:\/\/gobierno.udd.cl\/cpp\/wp-json\/wp\/v2\/posts"}],"about":[{"href":"https:\/\/gobierno.udd.cl\/cpp\/wp-json\/wp\/v2\/types\/post"}],"author":[{"embeddable":true,"href":"https:\/\/gobierno.udd.cl\/cpp\/wp-json\/wp\/v2\/users\/22"}],"replies":[{"embeddable":true,"href":"https:\/\/gobierno.udd.cl\/cpp\/wp-json\/wp\/v2\/comments?post=4756"}],"version-history":[{"count":1,"href":"https:\/\/gobierno.udd.cl\/cpp\/wp-json\/wp\/v2\/posts\/4756\/revisions"}],"predecessor-version":[{"id":4757,"href":"https:\/\/gobierno.udd.cl\/cpp\/wp-json\/wp\/v2\/posts\/4756\/revisions\/4757"}],"wp:featuredmedia":[{"embeddable":true,"href":"https:\/\/gobierno.udd.cl\/cpp\/wp-json\/wp\/v2\/media\/4478"}],"wp:attachment":[{"href":"https:\/\/gobierno.udd.cl\/cpp\/wp-json\/wp\/v2\/media?parent=4756"}],"wp:term":[{"taxonomy":"category","embeddable":true,"href":"https:\/\/gobierno.udd.cl\/cpp\/wp-json\/wp\/v2\/categories?post=4756"},{"taxonomy":"post_tag","embeddable":true,"href":"https:\/\/gobierno.udd.cl\/cpp\/wp-json\/wp\/v2\/tags?post=4756"}],"curies":[{"name":"wp","href":"https:\/\/api.w.org\/{rel}","templated":true}]}}