{"id":4754,"date":"2019-07-28T16:46:57","date_gmt":"2019-07-28T20:46:57","guid":{"rendered":"http:\/\/gobierno.udd.cl\/cpp\/?p=4754"},"modified":"2019-07-29T16:47:05","modified_gmt":"2019-07-29T20:47:05","slug":"la-apuesta-del-frente-amplio-va-a-seguir-siendo-beatriz-sanchez-el-mercurio-de-valparaiso","status":"publish","type":"post","link":"https:\/\/gobierno.udd.cl\/cpp\/noticias\/2019\/07\/28\/la-apuesta-del-frente-amplio-va-a-seguir-siendo-beatriz-sanchez-el-mercurio-de-valparaiso\/","title":{"rendered":"\u00abLa apuesta del Frente Amplio va a seguir siendo Beatriz S\u00e1nchez\u201d &#8211; El Mercurio de Valpara\u00edso"},"content":{"rendered":"<p style=\"text-align: justify;\">Ya en una de sus columnas del primer semestre \u2013\u201c\u00bfHacia d\u00f3nde va la oposici\u00f3n?\u00bb- Eugenio Guzm\u00e1n anticip\u00f3 las complejidades que pol\u00edticamente tendr\u00e1n que enfrentar los partidos de la ex Nueva Mayor\u00eda, as\u00ed tambi\u00e9n el Frente Amplio, en el proceso de las definiciones electorales.<\/p>\n<p style=\"text-align: justify;\">En un an\u00e1lisis m\u00e1s exhaustivo en el que contempla adem\u00e1s al oficialismo, observa este segundo ciclo del a\u00f1o, en el que aparentemente la distancia entre la DC y el PC se profundiza, en medio de una sensaci\u00f3n de nostalgia por lo que fue y signific\u00f3 la Concertaci\u00f3n.<\/p>\n<p style=\"text-align: justify;\">No obstante, Guzm\u00e1n es cauto en asegurar que exista un intento por aislar al PC. \u201cQuiz\u00e1s lo haya y se puede sospechar o conjeturar el querer retomar eso que llamamos la Concertaci\u00f3n. Aun as\u00ed, probablemente -por el otro lado- tendr\u00edamos a un PC que trata de articular al mundo de la izquierda entendido por el resto de los actores y el FA con todas sus facciones\u201d, esgrime el soci\u00f3logo, decano de la Facultad de Gobierno de la Universidad del Desarrollo y panelista de \u201cMesa Central\u00bb de Canal 13, quien participar\u00e1 el martes 30 en la ll Asamblea de Fundadores de la Fundaci\u00f3n Piensa, durante la cual se presentar\u00e1 la V Encuesta de Opini\u00f3n Pol\u00edtica en la Regi\u00f3n de Valpara\u00edso.<\/p>\n<p style=\"text-align: justify;\">\u201cSi bien es cierto que por un lado el PS y el PPD tratan de diferenciarse del PC para atraer a la DC nuevamente, podr\u00eda estar ocurriendo que el PC est\u00e9 queriendo articular a la izquierda. Ahora, esa situaci\u00f3n la veo no madura desde el momento en que tambi\u00e9n hay un inter\u00e9s del PS de abrirse a ese mundo de izquierda que hist\u00f3ricamente represent\u00f3\u00bb, complementa el analista, refiri\u00e9ndose a Revoluci\u00f3n Democr\u00e1tica e Izquierda Unida entre otros, que de alguna manera han tenido contacto con el socialismo, lo que se ha visto interrumpido por los esc\u00e1ndalos que ti\u00f1en a la colectividad que lidera \u00c1lvaro Elizalde.<\/p>\n<p style=\"text-align: justify;\"><strong>IMPACTO ORDENADOR<\/strong><\/p>\n<p style=\"text-align: justify;\"><strong><em>En el contexto de las reacciones desde el PC por el informe de Michelle Bachelet acerca de la crisis en Venezuela, se desliz\u00f3 la posibilidad de tomar esa situaci\u00f3n como \u201cexcusa\u201d para marginar a ese partido y de alguna manera recapitular a la Concertaci\u00f3n. \u00bfUsted coincide con esa lectura? <\/em><\/strong><\/p>\n<p style=\"text-align: justify;\">-El PC sabe lo que hace y hay que distinguir dos cosas. Las declaraciones del alcalde Daniel Jadue fueron desafortunadas, no s\u00e9 si el PC lo sab\u00eda, pero conociendo la l\u00f3gica interna uno esperar\u00eda que s\u00ed, y si \u00e9l lo inform\u00f3 de alguna manera est\u00e1 reflejando la opini\u00f3n del PC. Pero supongamos que no fue as\u00ed, por lo tanto, se genera un da\u00f1o ya que es distinta la opini\u00f3n que tiene el PC del informe mismo y que la expone Guillermo Teillier. No obstante, no es muy diferente a la opini\u00f3n que ha tenido siempre el PC respecto del gobierno de Venezuela todos estos a\u00f1os. Entonces, mi duda es d\u00f3nde estar\u00eda el pretexto para alejar al PC. El PS no ha hecho tampoco mucho en sentido, por eso soy esc\u00e9ptico.<\/p>\n<p style=\"text-align: justify;\"><strong><em>-\u00bfEs esc\u00e9ptico tambi\u00e9n en que exista un acercamiento entre el FA y el PC dado que una buena facci\u00f3n frenteamplista se cuadr\u00f3 con el informe de Bachelet?<\/em><\/strong><\/p>\n<p style=\"text-align: justify;\">-No s\u00e9 cu\u00e1n verdad o factible es eso. A pesar de que el FA ha sido cr\u00edtico del tema Venezuela, aunque no todos, s\u00ed es tema en la medida<br \/>\nen que parec\u00eda que el PS quer\u00eda ir creciendo para capturar esa votaci\u00f3n o retener cualquier filtraci\u00f3n hacia esos segmentos. Por otro lado, est\u00e1 el hecho de que un sector m\u00e1s de izquierda pudiera arrebatar mayor n\u00famero de cupos parlamentarios. Pero si uno observa la geograf\u00eda en donde est\u00e1n los ocho diputados PC, con los votos del FA probablemente muchos no salgan, entonces no est\u00e1 en una situaci\u00f3n como para decir me voy a cambiar de domicilio. No est\u00e1 la fruta tan madura como para que el PC diga listo me voy para all\u00e1.<\/p>\n<p style=\"text-align: justify;\"><strong><em>-En este escenario de divisiones internas, \u00bfpodr\u00eda la elecci\u00f3n de gobernadores del pr\u00f3ximo a\u00f1o tener un impacto ordenado en la oposici\u00f3n?<\/em><\/strong><\/p>\n<p style=\"text-align: justify;\">-Es probable, pero puede tambi\u00e9n que m\u00e1s bien profundice las diferencias. Existe bastante consenso porque es un asunto simplemente electoral num\u00e9rico dado que en las elecciones uninominales, como lo ser\u00eda esta de gobernadores regionales -es el caso tambi\u00e9n de los alcaldes-, la necesidad de generar alianzas o competir en listas es importante. Ahora bien, estamos hablando de 16 regiones no m\u00e1s, entonces no hay espacio suficiente para una oposici\u00f3n toda junta. Es decir, bajo qu\u00e9 mecanismo se le va a compensar a un partido el hecho de apoyar a otro, en especial en ciertas gobernaciones emblem\u00e1ticas, por ejemplo Valpara\u00edso, la Metropolitana, la del B\u00edo B\u00edo o en las nuevas como \u00d1uble. Es imperativo llegar a acuerdos pero la moneda de cambio no est\u00e1 clara. Adem\u00e1s, es m\u00e1s complejo a\u00fan porque normalmente para este tipo de elecciones no puede haber candidatos extremos, sino m\u00e1s bien que sean capaces de atraer a una masa de electores bastante transversal.<\/p>\n<p style=\"text-align: justify;\"><strong><em>-\u00bfCu\u00e1l es el escenario en caso de que no se logre la unidad de las listas por estas mismas compensaciones?<\/em><\/strong><\/p>\n<p style=\"text-align: justify;\">-Bueno, si la otra lista contraria va unida, obviamente eso le va a generar una desventaja en el saldo final de regiones o de gobernadores ganados.<\/p>\n<p style=\"text-align: justify;\"><strong><em>-\u00bfNo duda entonces de que haya elecci\u00f3n de gobernadores regionales en octubre de 2020?<\/em><\/strong><\/p>\n<p style=\"text-align: justify;\">\u00a0-Serla impresentable aunque no es la primera vez que ocurran cosas impresentables. Si as\u00ed fuera, la opini\u00f3n p\u00fablica m\u00e1s medi\u00e1tica e ilustrada har\u00eda tiras esa situaci\u00f3n y para el Gobierno tampoco ser\u00eda bueno tener que pagar esos costos.<\/p>\n<p style=\"text-align: justify;\"><strong>ROL DE LA DC Y EL PS<\/strong><\/p>\n<p style=\"text-align: justify;\"><strong><em>-\u00bfCu\u00e1l es su an\u00e1lisis respecto al rol que ha jugado la DC? Para algunos ha sido estrat\u00e9gica en su acercamiento con el Gobierno en materias como la reforma previsional; para otros es un intento ambiguo y desesperado de retomar su posicionamiento pol\u00edtico.<\/em><\/strong><\/p>\n<p style=\"text-align: justify;\">-Hay que juzgar por los resultados. Despu\u00e9s de las elecciones de 2017 una de las conclusiones fue que hubo una derrota o destrucci\u00f3n significativa de la DC. Muchos apostaban a que estaba desaparecida, no s\u00f3lo por los resultados de su candidata presidencial, tambi\u00e9n de los parlamentarios. Y despu\u00e9s de un a\u00f1o estamos viendo que uno de los principales actores en los procesos de negociaci\u00f3n ha sido la DC. Entonces ese uso permanente de la ambig\u00fcedad, de alejarse de la l\u00f3gica de polarizaci\u00f3n en la que entr\u00f3 el PS, que fue de alguna manera la estrategia de Elizalde, le ha permitido a la DC ser un actor sistem\u00e1ticamente.<\/p>\n<p style=\"text-align: justify;\"><strong><em>-Pero sin liderazgos definidos&#8230;<\/em><\/strong><\/p>\n<p style=\"text-align: justify;\">-Bueno, probablemente no tengan un candidato presidencial, pero es un actor real, muy por el contrario de lo que se cree. Recordemos cuando se definieron las comisiones en el Parlamento y se sac\u00f3 a la DC de muchas, por lo pronto de la de Hacienda, y asumi\u00f3 un comunista como represalia&#8230;Bueno, uno supondr\u00eda que con eso la DC qued\u00f3 sin voz, y no fue as\u00ed. Han negociado -para bien para mal- la reforma tributaria, la ha llevado medi\u00e1ticamente y lo mismo pasa ahora con la reforma previsional. Todo eso le ha dado un r\u00e9dito a lo menos de presencia p\u00fablica al que hace un a\u00f1o nadie apostaba.<\/p>\n<p style=\"text-align: justify;\"><strong><em>-\u00bfY el PS c\u00f3mo se va a recuperar de su crisis?<\/em><\/strong><\/p>\n<p style=\"text-align: justify;\">\u00a0-Creo que el PS est\u00e1 da\u00f1ado y herido internamente. Si bien asumi\u00f3 una nueva directiva, no ha estado a la altura de las circunstancias; por lo pronto no ha sido lo agresiva que uno hubiera esperado, eso revela el impacto de lo ocurrido en San Ram\u00f3n, pero m\u00e1s que eso, el que produjo que la elecci\u00f3n haya tomado tanto tiempo en definirse. Adem\u00e1s, se adicion\u00f3 una divisi\u00f3n interna mucho m\u00e1s profunda, que algunos dicen que no es ideol\u00f3gica -puede ser-, sino de liderazgos que tiene nombre y apellido: Elizalde-D\u00edaz. Eso refleja elementos de conducci\u00f3n y adem\u00e1s, yo agregar\u00eda, de experiencia.<\/p>\n<p style=\"text-align: justify;\"><strong><em>-\u00bfEn qu\u00e9 sentido?<\/em><\/strong><\/p>\n<p style=\"text-align: justify;\">-Los cambios ocurridos en las directivas, entre otras cosas, fueron una se\u00f1al poderosa para de alg\u00fan modo \u201coperarse\u201d de las generaciones m\u00e1s hist\u00f3ricas del PS.Y, obviamente los partidos pol\u00edticos tienen que tener ese elemento de continuidad, no se pueden hacer cambios tan radicales. Probablemente por un exceso de confianza creyeron que pod\u00edan conducir un partido sin la intervenci\u00f3n de los antiguos y no es as\u00ed.<\/p>\n<p style=\"text-align: justify;\"><strong>QU\u00c9 PASA EN EL OFICIALISMO<\/strong><\/p>\n<p style=\"text-align: justify;\"><strong><em>-\u00bfQu\u00e9 se\u00f1ales est\u00e1 dando el oficialismo tras la baja de la aprobaci\u00f3n del Gobierno que lleg\u00f3 a quedar incluso por debajo del 30%? \u00bfO s\u00f3lo es el llamado \u201cs\u00edndrome del segundo a\u00f1o\u201d que est\u00e1 afectando al Presidente Sebasti\u00e1n Pi\u00f1era? <\/em><\/strong><\/p>\n<p style=\"text-align: justify;\">Todos los gobiernos -en los \u00faltimos a\u00f1os- enfrentan esta situaci\u00f3n que es propia de gobiernos cortos y sin reelecci\u00f3n en donde en un mundo en el que la gente quiere resultados inmediatos se generan a veces excesos de expectativas. M\u00e1s all\u00e1, ni siquiera se han cumplido las expectativas moderadas, el crecimiento econ\u00f3mico no ha tenido el impulso que se esperaba sea por las razones que sea. Eso tiene efectos en el oficialismo. Sin embargo, como toda elecci\u00f3n, no depende de lo que t\u00fa elijas, dicho de otra manera uno elige entre alternativas. De la oferta del otro lado, tambi\u00e9n dependen las posibilidades que t\u00fa tengas. Y hasta el momento existe un relativo consenso entre analistas en que el problema m\u00e1s que todo est\u00e1 en la oposici\u00f3n por su falta de liderazgos y en que s\u00f3lo se han concentrado en ser una cr\u00edtica al Gobierno muchas veces sin contenido. Ah\u00ed hay un exceso de polarizaci\u00f3n incluso dif\u00edcil de leer porque es oponerse por oponerse, en un contexto en que la gente no es tonta y un porcentaje alto no est\u00e1 involucrado en pol\u00edtica. M\u00e1s del 80% no sabe que el pr\u00f3ximo a\u00f1o va a haber elecciones, o la fecha exacta de cu\u00e1ndo son. A ese desinter\u00e9s agr\u00e9gale desconfianza. En resumen, a pesar de la baja que pueda tener Pi\u00f1era y que pueda estar afectando al oficialismo, todo depende de lo que haya al otro lado y lo que pase el otro a\u00f1o.<\/p>\n<p style=\"text-align: justify;\"><strong><em>-Pero Jos\u00e9 Antonio Kast ha sido un factor desestabilizador en las huestes del oficialismo.<\/em><\/strong><\/p>\n<p style=\"text-align: justify;\">-S\u00cd, no cabe duda, pero el problema que tiene Kast es que va a crecer en la medida en que enfrente m\u00e1s al mundo de la izquierda. En la medida en que enfrente a la derecha, claro, eso le puede dar cr\u00e9ditos dentro de su sector, pero no para crecer hacia el centro, y en ese sentido la propuesta de Kast va a tender a ser testimonial, no de poder. Cuando t\u00fa tienes el deseo de poder, para bien o para mal, tienes que renunciar a las rigideces que te da el exceso de convicci\u00f3n o llam\u00e9moslo preciosismo ideol\u00f3gico.<\/p>\n<p style=\"text-align: justify;\"><strong><em>-Kast sac\u00f3 un porcentaje en estas elecciones a lo menos no despreciable.<\/em><\/strong><\/p>\n<p style=\"text-align: justify;\">-S\u00cd, pero tambi\u00e9n hay que tener en cuenta que frente a la alternativa que se presente al otro lado, el elector no necesariamente se va a quedar en la casa. Recordemos que entre las \u00faltimas primera y segunda vueltas aument\u00f3 significativamente el n\u00famero de personas que fue a votar. Eso demuestra que la alternativa Guillier &#8211; Pi\u00f1era llev\u00f3 mucha gente a las urnas y le permiti\u00f3 a Pi\u00f1era marcar una distancia mayor que lo que se ve\u00eda en la primera vuelta con el propio Guillier.<\/p>\n<p style=\"text-align: justify;\"><strong><em>\u00abUsted dice que faltan liderazgos en la oposici\u00f3n. En el oficialismo el mejor posicionado es el alcalde Joaqu\u00edn Lav\u00edn. \u00bfEs su momento?<\/em><\/strong><\/p>\n<p style=\"text-align: justify;\">-Primero tiene que decidir si va a ser candidato. Yo creo que est\u00e1 claro, aunque no hemos escuchado de su parte ninguna informaci\u00f3n, todo parece demostrar que s\u00ed. Pero \u00e9l va a tener que competir con otros, un Manuel Jos\u00e9 Ossand\u00f3n, el propio Jos\u00e9 Antonio Kast si es que est\u00e1 dispuesto a ir a una primaria, en una de esas decide ir a una primera vuelta con los otros candidatos que vayan surgiendo. En RN han ido apareciendo nombres, Andr\u00e9s Allamand, y probablemente sigan saliendo m\u00e1s en el camino.<\/p>\n<p style=\"text-align: justify;\"><strong><em>-\u00bfVolveremos a ver a una Michelle Bachelet como candidata? \u00bfIr\u00e1 por un tercer intento? <\/em><\/strong><\/p>\n<p style=\"text-align: justify;\">-Nunca es descartable. Pero m\u00e1s bien creo que la apuesta va a ser del Frente Amplio, no en todo su conjunto, pero en gran medida va a seguir siendo Beatriz S\u00e1nchez y ah\u00ed una confrontaci\u00f3n entre S\u00e1nchez, un candidato de derecha -Lav\u00edn- y Bachelet va a ser bastante dura&#8230;<\/p>\n<p style=\"text-align: justify;\"><strong><em>-\u00bfC\u00f3mo imagina esa escena? <\/em><\/strong><\/p>\n<p style=\"text-align: justify;\">-Bachelet no es confrontacional, si en algo se parecen ella y Lav\u00edn es en eso. Nunca la hemos visto participar en situaciones de alta fricci\u00f3n en las cuales ya ten\u00eda una ventaja ganada; por lo pronto el 2005 las encuestas la mostraban s\u00f3lida. Para qu\u00e9 decir la elecci\u00f3n del 2013, en la cual pr\u00e1cticamente vino a hacerse cargo cuando ya en las encuestas estaba arriba. Y vimos los resultados.<\/p>\n<p>&nbsp;<\/p>\n<p><a href=\"https:\/\/gobierno.udd.cl\/files\/2019\/07\/Eugenio-1.0.jpg\"><img loading=\"lazy\" decoding=\"async\" class=\"size-medium wp-image-22626 aligncenter\" src=\"https:\/\/gobierno.udd.cl\/files\/2019\/07\/Eugenio-1.0-210x300.jpg\" alt=\"\" width=\"210\" height=\"300\" \/><\/a><\/p>\n<p><a href=\"https:\/\/gobierno.udd.cl\/files\/2019\/07\/Eugenio-1.jpg\"><img loading=\"lazy\" decoding=\"async\" class=\"size-medium wp-image-22627 aligncenter\" src=\"https:\/\/gobierno.udd.cl\/files\/2019\/07\/Eugenio-1-210x300.jpg\" alt=\"\" width=\"210\" height=\"300\" \/><\/a><\/p>\n","protected":false},"excerpt":{"rendered":"<p>Ve posible una carrera a La Moneda de la ex Presidenta Bachelet, la periodista y a Joaqu\u00edn Lav\u00edn por el oficialismo. \u201cSer\u00eda una dura confrontaci\u00f3n\u201d, anticipa el panelista de \u201cMesa Central\u201d de T13.<\/p>\n","protected":false},"author":22,"featured_media":4478,"comment_status":"open","ping_status":"open","sticky":false,"template":"","format":"standard","meta":{"footnotes":""},"categories":[10162],"tags":[],"class_list":["post-4754","post","type-post","status-publish","format-standard","has-post-thumbnail","hentry","category-centro-en-la-prensa"],"featured_image_url":"https:\/\/gobierno.udd.cl\/cpp\/files\/2019\/06\/Graficas_PoliticasPublicas-03.jpg","_links":{"self":[{"href":"https:\/\/gobierno.udd.cl\/cpp\/wp-json\/wp\/v2\/posts\/4754","targetHints":{"allow":["GET"]}}],"collection":[{"href":"https:\/\/gobierno.udd.cl\/cpp\/wp-json\/wp\/v2\/posts"}],"about":[{"href":"https:\/\/gobierno.udd.cl\/cpp\/wp-json\/wp\/v2\/types\/post"}],"author":[{"embeddable":true,"href":"https:\/\/gobierno.udd.cl\/cpp\/wp-json\/wp\/v2\/users\/22"}],"replies":[{"embeddable":true,"href":"https:\/\/gobierno.udd.cl\/cpp\/wp-json\/wp\/v2\/comments?post=4754"}],"version-history":[{"count":1,"href":"https:\/\/gobierno.udd.cl\/cpp\/wp-json\/wp\/v2\/posts\/4754\/revisions"}],"predecessor-version":[{"id":4755,"href":"https:\/\/gobierno.udd.cl\/cpp\/wp-json\/wp\/v2\/posts\/4754\/revisions\/4755"}],"wp:featuredmedia":[{"embeddable":true,"href":"https:\/\/gobierno.udd.cl\/cpp\/wp-json\/wp\/v2\/media\/4478"}],"wp:attachment":[{"href":"https:\/\/gobierno.udd.cl\/cpp\/wp-json\/wp\/v2\/media?parent=4754"}],"wp:term":[{"taxonomy":"category","embeddable":true,"href":"https:\/\/gobierno.udd.cl\/cpp\/wp-json\/wp\/v2\/categories?post=4754"},{"taxonomy":"post_tag","embeddable":true,"href":"https:\/\/gobierno.udd.cl\/cpp\/wp-json\/wp\/v2\/tags?post=4754"}],"curies":[{"name":"wp","href":"https:\/\/api.w.org\/{rel}","templated":true}]}}