{"id":4745,"date":"2019-07-17T09:46:08","date_gmt":"2019-07-17T13:46:08","guid":{"rendered":"http:\/\/gobierno.udd.cl\/cpp\/?p=4745"},"modified":"2019-07-23T09:47:18","modified_gmt":"2019-07-23T13:47:18","slug":"entrevista-a-guido-larson-academico-udd-sobre-polemicos-dichos-de-trump-a-congresistas-mega-plus","status":"publish","type":"post","link":"https:\/\/gobierno.udd.cl\/cpp\/noticias\/2019\/07\/17\/entrevista-a-guido-larson-academico-udd-sobre-polemicos-dichos-de-trump-a-congresistas-mega-plus\/","title":{"rendered":"Entrevista a Guido Larson, acad\u00e9mico UDD, sobre pol\u00e9micos dichos de Trump a congresistas &#8211; Mega Plus"},"content":{"rendered":"<p style=\"text-align: justify;\">Entrevista a\u00a0<span class=\"highlight\">Guido<\/span>\u00a0<span class=\"highlight\">Larson<\/span>\u00a0-analista pol\u00edtico y acad\u00e9mico de Universidad del Desarrollo- acerca de los pol\u00e9micos dichos del presidente Donald Trump a congresistas, tildados de racistas y condenados ampliamente por la C\u00e1mara de Representantes.<\/p>\n<p style=\"text-align: justify;\">Habla:\u00a0<span class=\"highlight\">Guido<\/span>\u00a0<span class=\"highlight\">Larson<\/span>, acad\u00e9mico UDD<\/p>\n<div style=\"width: 640px;\" class=\"wp-video\"><video class=\"wp-video-shortcode\" id=\"video-4745-1\" width=\"640\" height=\"360\" preload=\"metadata\" controls=\"controls\"><source type=\"video\/mp4\" src=\"http:\/\/conectamedia.s3.amazonaws.com\/fe078c68b0a241f3f7b5737a52eefdcf.mp4?_=1\" \/><a href=\"http:\/\/conectamedia.s3.amazonaws.com\/fe078c68b0a241f3f7b5737a52eefdcf.mp4\">http:\/\/conectamedia.s3.amazonaws.com\/fe078c68b0a241f3f7b5737a52eefdcf.mp4<\/a><\/video><\/div>\n","protected":false},"excerpt":{"rendered":"<p>Entrevista a\u00a0Guido\u00a0Larson\u00a0-analista pol\u00edtico y acad\u00e9mico de Universidad del Desarrollo- acerca de los pol\u00e9micos dichos del presidente Donald Trump a congresistas, tildados de racistas y condenados ampliamente por la C\u00e1mara de Representantes. Habla:\u00a0Guido\u00a0Larson, acad\u00e9mico UDD http:\/\/conectamedia.s3.amazonaws.com\/fe078c68b0a241f3f7b5737a52eefdcf.mp4<\/p>\n","protected":false},"author":22,"featured_media":4524,"comment_status":"open","ping_status":"open","sticky":false,"template":"","format":"standard","meta":{"footnotes":""},"categories":[10162],"tags":[],"class_list":["post-4745","post","type-post","status-publish","format-standard","has-post-thumbnail","hentry","category-centro-en-la-prensa"],"featured_image_url":"https:\/\/gobierno.udd.cl\/cpp\/files\/2019\/05\/Graficas_PoliticasPublicas-03.jpg","_links":{"self":[{"href":"https:\/\/gobierno.udd.cl\/cpp\/wp-json\/wp\/v2\/posts\/4745","targetHints":{"allow":["GET"]}}],"collection":[{"href":"https:\/\/gobierno.udd.cl\/cpp\/wp-json\/wp\/v2\/posts"}],"about":[{"href":"https:\/\/gobierno.udd.cl\/cpp\/wp-json\/wp\/v2\/types\/post"}],"author":[{"embeddable":true,"href":"https:\/\/gobierno.udd.cl\/cpp\/wp-json\/wp\/v2\/users\/22"}],"replies":[{"embeddable":true,"href":"https:\/\/gobierno.udd.cl\/cpp\/wp-json\/wp\/v2\/comments?post=4745"}],"version-history":[{"count":1,"href":"https:\/\/gobierno.udd.cl\/cpp\/wp-json\/wp\/v2\/posts\/4745\/revisions"}],"predecessor-version":[{"id":4746,"href":"https:\/\/gobierno.udd.cl\/cpp\/wp-json\/wp\/v2\/posts\/4745\/revisions\/4746"}],"wp:featuredmedia":[{"embeddable":true,"href":"https:\/\/gobierno.udd.cl\/cpp\/wp-json\/wp\/v2\/media\/4524"}],"wp:attachment":[{"href":"https:\/\/gobierno.udd.cl\/cpp\/wp-json\/wp\/v2\/media?parent=4745"}],"wp:term":[{"taxonomy":"category","embeddable":true,"href":"https:\/\/gobierno.udd.cl\/cpp\/wp-json\/wp\/v2\/categories?post=4745"},{"taxonomy":"post_tag","embeddable":true,"href":"https:\/\/gobierno.udd.cl\/cpp\/wp-json\/wp\/v2\/tags?post=4745"}],"curies":[{"name":"wp","href":"https:\/\/api.w.org\/{rel}","templated":true}]}}