{"id":4742,"date":"2019-07-17T09:35:35","date_gmt":"2019-07-17T13:35:35","guid":{"rendered":"http:\/\/gobierno.udd.cl\/cpp\/?p=4742"},"modified":"2019-07-24T11:32:12","modified_gmt":"2019-07-24T15:32:12","slug":"el-hombre-camina-en-la-luna-como-cubrieron-los-medios-del-mundo-la-historica-mision-apolo-11-emol","status":"publish","type":"post","link":"https:\/\/gobierno.udd.cl\/cpp\/noticias\/2019\/07\/17\/el-hombre-camina-en-la-luna-como-cubrieron-los-medios-del-mundo-la-historica-mision-apolo-11-emol\/","title":{"rendered":"\u00abEl hombre camina en la Luna\u00bb: C\u00f3mo cubrieron los medios del mundo la hist\u00f3rica misi\u00f3n Apolo 11 &#8211; Emol"},"content":{"rendered":"<p style=\"text-align: justify;\">En plena Guerra Fr\u00eda, el evento fue transmitido por televisi\u00f3n a casi todo el planeta, relatado por radios y divulgado por diarios. Menos en la URSS y China, donde se inform\u00f3 sin pompa alguna y se plasm\u00f3 la idea de que todo fue una farsa.<\/p>\n<p style=\"text-align: justify;\">Ese 20 de julio de 1969, al menos 530 millones de personas en el mundo vieron en vivo y en directo el preciso instante en que los estadounidenses Neil Armstrong y Edwin \u00abBuzz\u00bb Aldrin dieron sus primeros pasos sobre la superficie lunar. Y lo hicieron por televisi\u00f3n.<\/p>\n<p style=\"text-align: justify;\">\u00abLa aventura m\u00e1s grande y peligrosa en la que jam\u00e1s se ha embarcado el hombre\u00bb, tal como lo bautiz\u00f3 el fallecido Presidente John F. Kennedy cuando lanz\u00f3 el programa siete a\u00f1os antes, fue transmitido por una red de 20 estaciones terrestres interconectadas con sat\u00e9lites sobre el Atl\u00e1ntico, el Pac\u00edfico y el \u00cdndico, que permitieron llevar la se\u00f1al de la NASA a los telespectadores de EE.UU., Latinoam\u00e9rica, Europa, Norte de \u00c1frica, Asia y Australia. Se trat\u00f3 de la mayor audiencia jam\u00e1s lograda hasta entonces por la televisi\u00f3n.<\/p>\n<p style=\"text-align: justify;\">Desde los inicios de la haza\u00f1a, los medios de comunicaci\u00f3n resultaron claves. Diarios, radios y, por supuesto, la televisi\u00f3n, cubrieron de forma exhaustiva el hecho hist\u00f3rico, llevando a gran parte del mundo, a\u00fan siendo borrosa, la captura de los dos astronautas pisando el suelo del sat\u00e9lite natural.<\/p>\n<p style=\"text-align: justify;\">Pero en pleno apogeo de la Guerra Fr\u00eda entre EE.UU. y la URSS, la carrera espacial se convirti\u00f3 en un frente vital y la disputa tambi\u00e9n perme\u00f3 los medios de comunicaci\u00f3n. \u00abLa prensa, la televisi\u00f3n y la radio act\u00faan como canales difusores y transmiten un relato de la &#8216;haza\u00f1a cient\u00edfica&#8217;. Esa haza\u00f1a, en algunos c\u00edrculos, fue vista simplemente como una &#8216;haza\u00f1a cient\u00edfica&#8217; y en otros sentidos usada como un arma pol\u00edtica\u00bb, afirm\u00f3 a Emol Ren\u00e9 Jara, director de la Escuela de Periodismo de la Universidad de Santiago.<\/p>\n<p style=\"text-align: justify;\"><strong>Cobertura e influencia de la Guerra Fr\u00eda<\/strong><\/p>\n<p style=\"text-align: justify;\">M\u00e1s all\u00e1 de lo hist\u00f3rico, para el Gobierno de EE.UU. liderado por Richard Nixon, ser el primero en pisar la Luna implic\u00f3 una victoria contundente y quer\u00eda que todos lo supieran. Un factor fundamental para ello fue el uso de la prensa como propaganda.<\/p>\n<p style=\"text-align: justify;\">\u00abEl a\u00f1o anterior, 1968, hab\u00eda sido especialmente malo. Se hab\u00eda asesinado a Martin Luther King, con los graves disturbios raciales posteriores, y luego a Robert Kennedy. Tambi\u00e9n fue un a\u00f1o particularmente crudo en la impopular guerra de Vietnam. Entonces, mostrarle al mundo que hab\u00edan logrado mandar al hombre a la luna, ida y vuelta, era un triunfo en el m\u00e1s amplio sentido de la palabra. Y lo utilizar\u00edan a su favor por varios a\u00f1os m\u00e1s\u00bb, explic\u00f3 <strong>Soledad Reyes, acad\u00e9mica de la Facultad de Gobierno de la Universidad del Desarrollo.<\/strong><\/p>\n<p style=\"text-align: justify;\">En muchos hogares, el evento se sigui\u00f3 como un programa popular y quienes no dispon\u00edan del aparato, todav\u00eda un lujo, lo vieron con amigos o en sitios p\u00fablicos. Seg\u00fan se\u00f1al\u00f3 la revista Broadcasting en un art\u00edculo publicado el 28 de julio de 1969, en territorio estadounidense el paseo lunar atrajo a 125 millones de espectadores, casi el doble de lo que se hab\u00eda previsto inicialmente.<\/p>\n<p style=\"text-align: justify;\">\u00abLa radio y la televisi\u00f3n hab\u00edan cambiado completamente la vida cotidiana de la gente. Hubo toda una pol\u00e9mica porque la NASA no quer\u00eda incluir c\u00e1maras en la misi\u00f3n, pero finalmente lo hicieron. Se dice que el evento fue visto por (&#8230;) un quinto de la poblaci\u00f3n mundial de ese momento. Sin duda, el evento m\u00e1s propagand\u00edstico de la Guerra Fr\u00eda\u00bb, destac\u00f3 la historiadora.<\/p>\n<p style=\"text-align: justify;\">El legendario periodista de la cadena CBS, Walter Cronkite, transmiti\u00f3 durante 17 horas junto al astronauta Walter Schirra. Ambos permanecieron varios segundos en silencio despu\u00e9s de que el m\u00f3dulo se pos\u00f3 en la Luna y luego, celebraron. \u00abAll\u00ed est\u00e1, el primer paso (\u2026) Armstrong est\u00e1 sobre la Luna, un estadounidense de 39 a\u00f1os, parado sobre la superficie de la Luna\u00bb, afirm\u00f3 Cronkite con voz templada.<\/p>\n<p style=\"text-align: justify;\">Al d\u00eda siguiente, los estadounidenses revivieron la imagen en los peri\u00f3dicos, que llevaron en sus portadas la hist\u00f3rica foto de la misi\u00f3n Apolo 11 o, bien, un dibujo de los astronautas con la bandera del pa\u00eds norteamericano en el centro. Fue el caso del diario Today, que acompa\u00f1\u00f3 el retrato a color con la frase \u00abLa odisea de los hombres a la Luna\u00bb y de la revista Time, que dedic\u00f3 su portada a un dibujo de Armstrong con una c\u00e1mara de televisi\u00f3n y una gran bandera. \u00abHombre camina en la Luna\u00bb, fue, en tanto, el titular que se repiti\u00f3 en diarios como The New York Times o The Boston Globe.<\/p>\n<p style=\"text-align: justify;\">Medios internacionales tambi\u00e9n se sumaron al a divulgaci\u00f3n. The Daily News (Reino Unido) instal\u00f3 el enunciado \u00ab\u00a1Ellos atracaron!\u00bb; el diario mexicano El Universal afirm\u00f3 que \u00abLa Luna fue conquistada\u00bb, y el espa\u00f1ol ABC public\u00f3 \u00ab&#8216;Ad\u00e1n&#8217; hab\u00eda pisado la Luna\u00bb. Para el peri\u00f3dico Marca, la Luna fue \u00abdominada\u00bb.<\/p>\n<p style=\"text-align: justify;\">\u00abLos medios de comunicaci\u00f3n apoyaron esta campa\u00f1a de triunfo de la carrera espacial americana. En eso Occidente fue bastante un\u00e1nime\u00bb, consider\u00f3, por su parte, Jara y a\u00f1adi\u00f3 que la televisi\u00f3n y la transmisi\u00f3n en directo resultaron clave. \u00abCumple un rol de legitimaci\u00f3n y de validaci\u00f3n de los progresos que hab\u00eda hecho EE.UU. y tambi\u00e9n era un mecanismo disuasivo: como EE.UU. hab\u00eda ganado esta carrera espacial, ten\u00eda las competencias y la capacidad de disuadir cualquier tipo de acci\u00f3n b\u00e9lica que pudiera ejercer la Uni\u00f3n Sovi\u00e9tica\u00bb, explic\u00f3 el acad\u00e9mico.<\/p>\n<p style=\"text-align: justify;\">Pero las televisiones de dos pa\u00edses no mostraron las im\u00e1genes del hist\u00f3rico arribo: la URSS y China. El cosmonauta Alex\u00e9i Le\u00f3nov, primer ser humano que realiz\u00f3 una caminata espacial, fue uno de los pocos privilegiados que lo vio en directo en la URSS. \u00abConsidero, al igual que lo hice entonces, que fue un robo a nuestro pueblo: el vuelo a la Luna fue un logro de toda la Humanidad\u00bb, afirm\u00f3 en una entrevista con la agencia oficial rusa RIA N\u00f3vosti.<\/p>\n<p style=\"text-align: justify;\">\u00abCuando Armstrong puso un pie en la Luna (&#8230;) los sovi\u00e9ticos cruz\u00e1bamos los dedos y les deseamos \u00e9xito a los muchachos\u00bb, rememor\u00f3. De todas formas, la noticia no se ocult\u00f3 en la URSS y fue recogida por los peri\u00f3dicos locales, aunque estuvo lejos de ser la noticia destacada del d\u00eda.<\/p>\n<p style=\"text-align: justify;\"><strong>Doble rol de los medios<\/strong><\/p>\n<p style=\"text-align: justify;\">Sin embargo, este clima de Guerra Fr\u00eda y la baja calidad de las im\u00e1genes que ese d\u00eda llegaron a la Tierra &#8211; restauradas luego por la NASA &#8211; hicieron a los m\u00e1s desconfiados dudar y se extendieron teor\u00edas que aseguraban que el hecho no hab\u00eda sido real.<\/p>\n<p style=\"text-align: justify;\">\u00abHab\u00eda discrepancias (\u2026) gente en Reino Unido no cre\u00eda mucho. Tres de cada diez personas cre\u00eda que la imagen era real. En Francia hab\u00eda un poco m\u00e1s de confianza\u00bb, consigna Jara. \u00abEn la URSS hab\u00eda plena desconfianza sobre el hecho, se cre\u00eda que hab\u00eda sido una farsa\u00bb, a\u00f1adi\u00f3.<\/p>\n<p style=\"text-align: justify;\">En 1969, menos de 5% de los estadounidenses dudaban de la veracidad de la misi\u00f3n, un porcentaje que aument\u00f3 a 6%, seg\u00fan un sondeo realizado por Gallup en 1999. En 2009, 25% de los brit\u00e1nicos interrogados por TNS no cre\u00edan en el evento y tampoco el 57% de los rusos sondeados por Vtsiom en 2018.<\/p>\n<p style=\"text-align: justify;\">\u00abLos medios en particular alimentaron las dudas con el paso de los a\u00f1os\u00bb, asegur\u00f3 Roger Launius, ex historiador oficial de la NASA en su obra \u00abApollo&#8217;s Legacy\u00bb. En ella recuerda que la NASA, que se hab\u00eda resistido durante a\u00f1os a comentar las teor\u00edas conspirativas, tuvo que cambiar su postura luego de que la cadena Fox las populariz\u00f3 en 1978. \u00abLas tecnolog\u00edas de la informaci\u00f3n en general, en una perspectiva larga &#8211; desde el 69 en adelante \u2013 (\u2026) dieron argumentos t\u00e9cnicos para que crecieran y se difundieran a\u00fan m\u00e1s las teor\u00edas conspirativas\u00bb, consider\u00f3 Jara.<\/p>\n<p style=\"text-align: justify;\">En ese sentido, para el acad\u00e9mico de la Usach, los medios de comunicaci\u00f3n cumplieron un doble rol en la cobertura de la llegada del hombre a la luna: \u00abprimero, difundiendo la imagen y ratificando la legitimidad de la imagen, pero al mismo tiempo, en la medida en que van avanzando las tecnolog\u00edas, dando argumentos que alimentan esas tesis conspirativas\u00bb, afirm\u00f3.<\/p>\n<p style=\"text-align: justify;\">De todas formas, destac\u00f3 que durante los \u00faltimos a\u00f1os, la prensa ha utilizado estos avances tecnol\u00f3gicos para constatar, no a las teor\u00edas conspirativas, sino que al hecho de que ese 20 de julio de 1969 la humanidad s\u00ed dio su primer paso en la Luna.<\/p>\n<p>Revisa la nota completa <a href=\"https:\/\/www.emol.com\/noticias\/Internacional\/2019\/07\/17\/954466\/El-hombre-camina-en-la-luna-La-cobertura-de-los-medios-de-comunicacion-de-la-historica-mision-Apolo-11.html\">AQU\u00cd<\/a><\/p>\n<p><a href=\"https:\/\/gobierno.udd.cl\/cpp\/files\/2019\/07\/REVISTA-TIMES-HOMBRE-A-LA-LUNA.jpg\"><img loading=\"lazy\" decoding=\"async\" class=\"size-medium wp-image-4748 aligncenter\" src=\"https:\/\/gobierno.udd.cl\/cpp\/files\/2019\/07\/REVISTA-TIMES-HOMBRE-A-LA-LUNA-300x212.jpg\" alt=\"\" width=\"300\" height=\"212\" srcset=\"https:\/\/gobierno.udd.cl\/cpp\/files\/2019\/07\/REVISTA-TIMES-HOMBRE-A-LA-LUNA-300x212.jpg 300w, https:\/\/gobierno.udd.cl\/cpp\/files\/2019\/07\/REVISTA-TIMES-HOMBRE-A-LA-LUNA-768x543.jpg 768w, https:\/\/gobierno.udd.cl\/cpp\/files\/2019\/07\/REVISTA-TIMES-HOMBRE-A-LA-LUNA-316x224.jpg 316w, https:\/\/gobierno.udd.cl\/cpp\/files\/2019\/07\/REVISTA-TIMES-HOMBRE-A-LA-LUNA-87x62.jpg 87w, https:\/\/gobierno.udd.cl\/cpp\/files\/2019\/07\/REVISTA-TIMES-HOMBRE-A-LA-LUNA.jpg 850w\" sizes=\"auto, (max-width: 300px) 100vw, 300px\" \/><\/a><\/p>\n","protected":false},"excerpt":{"rendered":"<p>En plena Guerra Fr\u00eda, el evento fue transmitido por televisi\u00f3n a casi todo el planeta, relatado por radios y divulgado por diarios. Menos en la URSS y China, donde se inform\u00f3 sin pompa alguna y se plasm\u00f3 la idea de que todo fue una farsa.<\/p>\n","protected":false},"author":22,"featured_media":4524,"comment_status":"open","ping_status":"open","sticky":false,"template":"","format":"standard","meta":{"footnotes":""},"categories":[10162],"tags":[],"class_list":["post-4742","post","type-post","status-publish","format-standard","has-post-thumbnail","hentry","category-centro-en-la-prensa"],"featured_image_url":"https:\/\/gobierno.udd.cl\/cpp\/files\/2019\/05\/Graficas_PoliticasPublicas-03.jpg","_links":{"self":[{"href":"https:\/\/gobierno.udd.cl\/cpp\/wp-json\/wp\/v2\/posts\/4742","targetHints":{"allow":["GET"]}}],"collection":[{"href":"https:\/\/gobierno.udd.cl\/cpp\/wp-json\/wp\/v2\/posts"}],"about":[{"href":"https:\/\/gobierno.udd.cl\/cpp\/wp-json\/wp\/v2\/types\/post"}],"author":[{"embeddable":true,"href":"https:\/\/gobierno.udd.cl\/cpp\/wp-json\/wp\/v2\/users\/22"}],"replies":[{"embeddable":true,"href":"https:\/\/gobierno.udd.cl\/cpp\/wp-json\/wp\/v2\/comments?post=4742"}],"version-history":[{"count":7,"href":"https:\/\/gobierno.udd.cl\/cpp\/wp-json\/wp\/v2\/posts\/4742\/revisions"}],"predecessor-version":[{"id":4752,"href":"https:\/\/gobierno.udd.cl\/cpp\/wp-json\/wp\/v2\/posts\/4742\/revisions\/4752"}],"wp:featuredmedia":[{"embeddable":true,"href":"https:\/\/gobierno.udd.cl\/cpp\/wp-json\/wp\/v2\/media\/4524"}],"wp:attachment":[{"href":"https:\/\/gobierno.udd.cl\/cpp\/wp-json\/wp\/v2\/media?parent=4742"}],"wp:term":[{"taxonomy":"category","embeddable":true,"href":"https:\/\/gobierno.udd.cl\/cpp\/wp-json\/wp\/v2\/categories?post=4742"},{"taxonomy":"post_tag","embeddable":true,"href":"https:\/\/gobierno.udd.cl\/cpp\/wp-json\/wp\/v2\/tags?post=4742"}],"curies":[{"name":"wp","href":"https:\/\/api.w.org\/{rel}","templated":true}]}}