{"id":4739,"date":"2019-07-19T09:22:29","date_gmt":"2019-07-19T13:22:29","guid":{"rendered":"http:\/\/gobierno.udd.cl\/cpp\/?p=4739"},"modified":"2019-07-23T09:30:32","modified_gmt":"2019-07-23T13:30:32","slug":"reeleccion-de-macri-se-ve-cada-vez-mas-factible-debido-a-mayor-confianza-de-mercados-y-electores-diario-financiero-online","status":"publish","type":"post","link":"https:\/\/gobierno.udd.cl\/cpp\/noticias\/2019\/07\/19\/reeleccion-de-macri-se-ve-cada-vez-mas-factible-debido-a-mayor-confianza-de-mercados-y-electores-diario-financiero-online\/","title":{"rendered":"Reelecci\u00f3n de Macri se ve cada vez m\u00e1s factible debido a mayor confianza de mercados y electores &#8211; Diario Financiero Online"},"content":{"rendered":"<p style=\"text-align: justify;\">\u201cUna vez que el presidente Mauricio Macri se reelija y se contin\u00fae con el proceso de cambio, vamos a crecer\u201d. As\u00ed de tajante fue el ministro de Hacienda argentino, Nicol\u00e1s Dujovne, tras la \u00faltima revisi\u00f3n del Fondo Monetario Internacional (FMI) en que redujo la proyecci\u00f3n de crecimiento de la econom\u00eda de 2020 hasta 1,1%.<\/p>\n<p style=\"text-align: justify;\">Los electores estar\u00edan alineados con el funcionario. La aprobaci\u00f3n del jefe de Estado subi\u00f3 a 34% en junio, frente al 28% de mayo, seg\u00fan cifras de Poliarqu\u00eda, una de las principales encuestadoras del pa\u00eds.<\/p>\n<p style=\"text-align: justify;\">La firma local Synopsis, en tanto, revel\u00f3 que existe entre un 50% y un 55% de probabilidades de que sea reelecto, ad portas de las primarias (PASO) del 11 de agosto. Eso s\u00ed, el resultado estar\u00eda condicionado por la estabilidad del peso argentino y la inflaci\u00f3n.<\/p>\n<p style=\"text-align: justify;\">\u201cEl mercado est\u00e1 comprando gradualmente (la idea de que) el impulso continuar\u00e1 con Macri\u201d, dijo Alejo Costa, jefe de estrategia de BTG Pactual, explicando que la \u00faltima revisi\u00f3n positiva del banco -frente a una postura m\u00e1s t\u00edmida sobre el pa\u00eds- es un \u201cbuen ejemplo de c\u00f3mo se siente el mercado\u201d, consign\u00f3 Financial Times.<\/p>\n<p style=\"text-align: justify;\">Todo esto mantendr\u00eda optimistas a los oficialistas, pero no es suficiente para cantar victoria. El \u00cdndice de Confianza en el Gobierno (ICG), realizado por la Univesidad Torcuato Di Tella, mostr\u00f3 un repunte durante julio, ya que alcanz\u00f3 1,97 puntos: un aumento de 6,1% respecto del mes anterior.<\/p>\n<p style=\"text-align: justify;\">Sin embargo, Morgan Stanley estima que esto no asegura la reelecci\u00f3n y que el indicador debe superar los 2 puntos para aclarar el panorama.<\/p>\n<p style=\"text-align: justify;\">La universidad mantiene la l\u00ednea de la firma y agrega que \u201clos niveles actuales del ICG son similares a los obtenidos durante el gobierno de Cristina Fern\u00e1ndez en octubre de 2013 (1,98) y de 2015 (1,91), que coinciden con derrotas electorales del partido en el gobierno\u201d. El informe tambi\u00e9n dice que \u201cel valor actual del ICG se ubica 10% por encima del obtenido durante el \u00faltimo mes de la administraci\u00f3n de Fern\u00e1ndez\u201d, con 1,80 puntos en diciembre de 2015.<\/p>\n<p style=\"text-align: justify;\">Considerando la \u00faltima cifra, la confianza se muestra estable desde mayo, lo que apunta a un incremento trimestral acumulado de 28,8%, seg\u00fan Clar\u00edn.<\/p>\n<p style=\"text-align: justify;\"><strong>Factor Empresarial\u00a0<\/strong><\/p>\n<p style=\"text-align: justify;\">En el \u00faltimo tiempo, el mercado y las empresas han tomado un rol preponderante en el desarrollo de la pol\u00edtica. Y es que los intereses de los privados han demostrado mover la aguja durante las campa\u00f1as presidenciales.<\/p>\n<p style=\"text-align: justify;\">\u201cA medida en que avanzaba la posibilidad de Cristina de volver a la presidencia, el mercado empez\u00f3 a huir, se aceler\u00f3 la corrida cambiaria, y volv\u00eda a desestabilizar todo\u201d, dijo Marina Dal Poggeto, directora ejecutiva de la consultora argentina, EcoGo a DF.<\/p>\n<p style=\"text-align: justify;\">Agreg\u00f3 que \u201cla apreciaci\u00f3n del tipo de cambio nominal, que ayuda al proceso de desinflaci\u00f3n y mejora el consumo a corto plazo, es una se\u00f1al de estabilizaci\u00f3n fuerte\u201d.<\/p>\n<p style=\"text-align: justify;\">\u201cEl escenario econ\u00f3mico actual tiene un rol relevante, y en ese juego, Macri quiz\u00e1s no es tan fuerte como hace cuatro a\u00f1os, porque ya tuvo una prueba de fuego que fue d\u00e9bil\u201d, dijo el analista pol\u00edtico de la\u00a0<span class=\"highlight\">Universidad<\/span>\u00a0<span class=\"highlight\">del<\/span>\u00a0<span class=\"highlight\">Desarrollo<\/span>,\u00a0<span class=\"highlight\">Rodrigo<\/span>\u00a0<span class=\"highlight\">Arellano<\/span>.<\/p>\n<p style=\"text-align: justify;\">Sin embargo, agreg\u00f3 que el actual mandatario \u201cno tiene el factor \u2018corrupci\u00f3n\u2019 que tiene Cristina Fern\u00e1ndez\u201d, lo que podr\u00eda beneficiarlo.<\/p>\n<p style=\"text-align: justify;\">El analista pol\u00edtico internacional de la Universidad Adolfo Ib\u00e1\u00f1ez, Guillermo Holzmann, concord\u00f3 con Arellano y agreg\u00f3 que \u201cel discurso de las empresas se orienta a los indecisos, para inclinar la balanza al candidato que aporte al mercado\u201d.<\/p>\n<p style=\"text-align: justify;\">A\u00f1adi\u00f3 que esta fase se transforma y finalmente se refleja en el movimiento de las bolsas: \u201cEs un term\u00f3metrro muy sensible respecto a las expectativas y, de esa manera, empieza a condicionar las inversiones pr\u00f3ximas a las empresas, con el valor de las acciones\u201d.<\/p>\n<p><a href=\"https:\/\/gobierno.udd.cl\/cpp\/files\/2019\/07\/2019-07-19_El_Diario_Financiero_14.jpg\"><img loading=\"lazy\" decoding=\"async\" class=\"wp-image-4740 aligncenter\" src=\"https:\/\/gobierno.udd.cl\/cpp\/files\/2019\/07\/2019-07-19_El_Diario_Financiero_14-225x300.jpg\" alt=\"\" width=\"289\" height=\"385\" srcset=\"https:\/\/gobierno.udd.cl\/cpp\/files\/2019\/07\/2019-07-19_El_Diario_Financiero_14-225x300.jpg 225w, https:\/\/gobierno.udd.cl\/cpp\/files\/2019\/07\/2019-07-19_El_Diario_Financiero_14-768x1025.jpg 768w, https:\/\/gobierno.udd.cl\/cpp\/files\/2019\/07\/2019-07-19_El_Diario_Financiero_14-767x1024.jpg 767w, https:\/\/gobierno.udd.cl\/cpp\/files\/2019\/07\/2019-07-19_El_Diario_Financiero_14-719x960.jpg 719w, https:\/\/gobierno.udd.cl\/cpp\/files\/2019\/07\/2019-07-19_El_Diario_Financiero_14.jpg 1873w\" sizes=\"auto, (max-width: 289px) 100vw, 289px\" \/><\/a><\/p>\n","protected":false},"excerpt":{"rendered":"<p>Encuesta revel\u00f3 que hay hasta un 55% de probabilidad de que el mandatario repita en el cargo, ad portas de las primarias.<\/p>\n","protected":false},"author":22,"featured_media":4524,"comment_status":"open","ping_status":"open","sticky":false,"template":"","format":"standard","meta":{"footnotes":""},"categories":[10162],"tags":[],"class_list":["post-4739","post","type-post","status-publish","format-standard","has-post-thumbnail","hentry","category-centro-en-la-prensa"],"featured_image_url":"https:\/\/gobierno.udd.cl\/cpp\/files\/2019\/05\/Graficas_PoliticasPublicas-03.jpg","_links":{"self":[{"href":"https:\/\/gobierno.udd.cl\/cpp\/wp-json\/wp\/v2\/posts\/4739","targetHints":{"allow":["GET"]}}],"collection":[{"href":"https:\/\/gobierno.udd.cl\/cpp\/wp-json\/wp\/v2\/posts"}],"about":[{"href":"https:\/\/gobierno.udd.cl\/cpp\/wp-json\/wp\/v2\/types\/post"}],"author":[{"embeddable":true,"href":"https:\/\/gobierno.udd.cl\/cpp\/wp-json\/wp\/v2\/users\/22"}],"replies":[{"embeddable":true,"href":"https:\/\/gobierno.udd.cl\/cpp\/wp-json\/wp\/v2\/comments?post=4739"}],"version-history":[{"count":1,"href":"https:\/\/gobierno.udd.cl\/cpp\/wp-json\/wp\/v2\/posts\/4739\/revisions"}],"predecessor-version":[{"id":4741,"href":"https:\/\/gobierno.udd.cl\/cpp\/wp-json\/wp\/v2\/posts\/4739\/revisions\/4741"}],"wp:featuredmedia":[{"embeddable":true,"href":"https:\/\/gobierno.udd.cl\/cpp\/wp-json\/wp\/v2\/media\/4524"}],"wp:attachment":[{"href":"https:\/\/gobierno.udd.cl\/cpp\/wp-json\/wp\/v2\/media?parent=4739"}],"wp:term":[{"taxonomy":"category","embeddable":true,"href":"https:\/\/gobierno.udd.cl\/cpp\/wp-json\/wp\/v2\/categories?post=4739"},{"taxonomy":"post_tag","embeddable":true,"href":"https:\/\/gobierno.udd.cl\/cpp\/wp-json\/wp\/v2\/tags?post=4739"}],"curies":[{"name":"wp","href":"https:\/\/api.w.org\/{rel}","templated":true}]}}