{"id":4731,"date":"2019-07-11T09:53:15","date_gmt":"2019-07-11T13:53:15","guid":{"rendered":"http:\/\/gobierno.udd.cl\/cpp\/?p=4731"},"modified":"2019-07-18T10:56:38","modified_gmt":"2019-07-18T14:56:38","slug":"pinera-en-busca-de-la-ansiada-conexion-ciudadana-que-hay-detras-de-la-nueva-estrategia-presidencial-emol","status":"publish","type":"post","link":"https:\/\/gobierno.udd.cl\/cpp\/noticias\/2019\/07\/11\/pinera-en-busca-de-la-ansiada-conexion-ciudadana-que-hay-detras-de-la-nueva-estrategia-presidencial-emol\/","title":{"rendered":"Pi\u00f1era en busca de la ansiada conexi\u00f3n ciudadana: \u00bfQu\u00e9 hay detr\u00e1s de la nueva estrategia presidencial?- Emol"},"content":{"rendered":"<p style=\"text-align: justify;\">M\u00e1s all\u00e1 de las reformas y proyectos que se debaten en el Congreso, el Presidente Sebasti\u00e1n Pi\u00f1era ha decidido enfocar su agenda en los \u00faltimos d\u00edas en temas que impliquen directo impacto en la poblaci\u00f3n. Situaciones interpretadas por algunos, como un cambio de estrategia del Gobierno para acercar al Mandatario a la ciudadan\u00eda.<\/p>\n<p style=\"text-align: justify;\">Ayer por ejemplo, en una peculiar salida a terreno, el Mandatario anunci\u00f3 el env\u00edo de un proyecto que modificar\u00e1 la ley de arriendo, mientras acompa\u00f1aba a una familia de San Miguel que hab\u00eda tenido problemas con un arrendatario que dej\u00f3 su casa en malas condiciones. Caso y anuncio que fueron mostrados en vivo, a trav\u00e9s del matinal \u00abMuy Buenos D\u00edas\u00bb de TVN.<\/p>\n<p style=\"text-align: justify;\">Apariciones p\u00fablicas que se han repetido en las \u00faltimas dos semanas, con el jefe de Estado en otros matinales hablando del pago de licencias m\u00e9dicas o de la agenda de seguridad, la cual tambi\u00e9n reforz\u00f3 la noche del lunes participando de un patrullaje a\u00e9reo de Carabineros para prevenir portonazos y otros delitos. Sumado a la posici\u00f3n que ha transmitido por la crisis migratoria venezolana en la frontera.<\/p>\n<p style=\"text-align: justify;\"><strong>La alcaldizaci\u00f3n de la pol\u00edtica<\/strong><br \/>\nJunto con apuntar a una especie de \u00abs\u00edndrome del hiperliderazgo presidencial\u00bb que hace al Presidente tomar un \u00abprotagonismo excesivo\u00bb, el director de la Escuela de Gobierno y Comunicaciones de la Universidad Central, Marco Moreno, consider\u00f3 que \u00absin duda en La Moneda y en el Gobierno observan que aquellos actores que tiene mejor evaluaci\u00f3n ciudadana son los que tienen un mayor nivel de proximidad, esto ha dado lugar a este fen\u00f3meno de la alcaldizaci\u00f3n de la pol\u00edtica, si te fijas en la \u00faltima encuesta del CEP los personajes mejor evaluados eran alcaldes\u00bb.<\/p>\n<p style=\"text-align: justify;\">Los expertos coinciden en que esta forma de hacer pol\u00edtica tiene algunas semejanzas con un estilo que aplican en las comunas los ediles. As\u00ed sale a la palestra el nombre del alcalde de Las Condes, Joaqu\u00edn Lav\u00edn, quien con su cercan\u00eda con la gente ha parecido instaurar un sello que le ha significado estar entre los personajes pol\u00edticos mejores evaluados de la CEP.<\/p>\n<p style=\"text-align: justify;\">\u00abNo s\u00e9 si es una nueva estrategia o es un ajuste a la estrategia, yo creo que la presencia del Presidente con un rol protag\u00f3nico en los medios de comunicaci\u00f3n es una cuesti\u00f3n necesaria, por cuanto es una demanda de la opini\u00f3n p\u00fablica. Yo entiendo que es \u00e9l el que debe dar se\u00f1ales a la opini\u00f3n p\u00fablica de optimismo, para ganarle a ese clima negativo que se ha instalado en los \u00faltimos meses. Y ese ajuste de estrategia ha estado acompa\u00f1ado de esta influencia de Lav\u00edn, que lo est\u00e1 haciendo bien, utilizando por un lado los matinales y por otro lado visibilizando temas m\u00e1s ciudadanos\u00bb, coment\u00f3 el gerente de Asuntos P\u00fablicos de Cadem, Roberto Izikson.<\/p>\n<p style=\"text-align: justify;\"><strong>Apuntando a los temas cotidianos<\/strong><\/p>\n<p style=\"text-align: justify;\">Para el <strong>decano de la Facultad de Gobierno de la Universidad del Desarrollo (UDD), Eugenio Guzm\u00e1n<\/strong>, \u00abes razonable suponer que hay una estrategia de mostrar un Presidente m\u00e1s en terreno que es lo que valora bastante la gente. La cercan\u00eda, la cotidianidad, son elementos valiosos en la evaluaci\u00f3n de las personas, sobre todo en momentos en que de alg\u00fan modo como han mostrado ciertas encuestas la ca\u00edda en la popularidad ha sido sistem\u00e1tica\u00bb.<\/p>\n<p style=\"text-align: justify;\">De hecho, la \u00faltima encuesta del Centro de Estudios P\u00fablicos (CEP) dada a conocer a mediados de junio, arroj\u00f3 en lo que respecta a la \u00abcercan\u00eda\u00bb una baja al 19% de este atributo presidencial, a la vez que aument\u00f3 a un 76% quienes lo consideraban como \u00ablejano\u00bb.<\/p>\n<p style=\"text-align: justify;\">\u00abYo creo que el esfuerzo del Gobierno por aprobar su agenda m\u00e1s importante que es la reforma a las pensiones y tributaria, m\u00e1s a un Presidente cercano y preocupado de temas ciudadanos, es una estrategia. Al igual como lo hizo en su primer Gobierno, le permite ir recuperando terreno y avanzar hacia una mayor aprobaci\u00f3n ciudadana\u00bb, coincide el <strong>director del Centro de Pol\u00edticas P\u00fablicas de la Universidad del Desarrollo (UDD), Gonzalo M\u00fcller<\/strong>, quien advierte que \u00abtoda estrategia tiene que ser consistente en el tiempo no es para un mes (\u2026) uno podr\u00eda decir que es como una se\u00f1al del inicio de un cambio de tendencia\u00bb.<\/p>\n<p style=\"text-align: justify;\">Desde el Gobierno, la ministra vocera, Cecilia P\u00e9rez, explic\u00f3 en Radio el Conquistador FM que \u00abuno no se hace m\u00e1s o menos cercano, eso no se hace, sino que es en definitiva como t\u00fa logras interpretar el sentir ciudadano del vecino, de la familia de clase media, de los sectores m\u00e1s vulnerables, que sienten que son no acogidos en forma paternalista por un Gobierno, sino que sus problemas son visibilizados y son prioridades y no solamente las grandes reformas que se pueden estar conversando y discutiendo en el Parlamento (&#8230;) Los temas cotidianos tambi\u00e9n son preocupaci\u00f3n de un Presidente de la Rep\u00fablica\u00bb.<\/p>\n<p style=\"text-align: justify;\">Puede ver la nota en la web <a href=\"https:\/\/www.emol.com\/noticias\/Nacional\/2019\/07\/11\/954233\/Pinera-en-busca-de-la-ansiada-conexion-ciudadana-Que-hay-detras-de-la-nueva-estrategia-presidencial.html\">AQU\u00cd<\/a><\/p>\n","protected":false},"excerpt":{"rendered":"<p>Seg\u00fan los expertos, el intentar acercarse a las personas a trav\u00e9s de sus problemas cotidianos, tiene algunas semejanzas con el estilo que aplican algunos ediles, incluso hay quienes advierten de una alcaldizaci\u00f3n de la pol\u00edtica.<\/p>\n","protected":false},"author":22,"featured_media":4524,"comment_status":"open","ping_status":"open","sticky":false,"template":"","format":"standard","meta":{"footnotes":""},"categories":[10162],"tags":[],"class_list":["post-4731","post","type-post","status-publish","format-standard","has-post-thumbnail","hentry","category-centro-en-la-prensa"],"featured_image_url":"https:\/\/gobierno.udd.cl\/cpp\/files\/2019\/05\/Graficas_PoliticasPublicas-03.jpg","_links":{"self":[{"href":"https:\/\/gobierno.udd.cl\/cpp\/wp-json\/wp\/v2\/posts\/4731","targetHints":{"allow":["GET"]}}],"collection":[{"href":"https:\/\/gobierno.udd.cl\/cpp\/wp-json\/wp\/v2\/posts"}],"about":[{"href":"https:\/\/gobierno.udd.cl\/cpp\/wp-json\/wp\/v2\/types\/post"}],"author":[{"embeddable":true,"href":"https:\/\/gobierno.udd.cl\/cpp\/wp-json\/wp\/v2\/users\/22"}],"replies":[{"embeddable":true,"href":"https:\/\/gobierno.udd.cl\/cpp\/wp-json\/wp\/v2\/comments?post=4731"}],"version-history":[{"count":3,"href":"https:\/\/gobierno.udd.cl\/cpp\/wp-json\/wp\/v2\/posts\/4731\/revisions"}],"predecessor-version":[{"id":4736,"href":"https:\/\/gobierno.udd.cl\/cpp\/wp-json\/wp\/v2\/posts\/4731\/revisions\/4736"}],"wp:featuredmedia":[{"embeddable":true,"href":"https:\/\/gobierno.udd.cl\/cpp\/wp-json\/wp\/v2\/media\/4524"}],"wp:attachment":[{"href":"https:\/\/gobierno.udd.cl\/cpp\/wp-json\/wp\/v2\/media?parent=4731"}],"wp:term":[{"taxonomy":"category","embeddable":true,"href":"https:\/\/gobierno.udd.cl\/cpp\/wp-json\/wp\/v2\/categories?post=4731"},{"taxonomy":"post_tag","embeddable":true,"href":"https:\/\/gobierno.udd.cl\/cpp\/wp-json\/wp\/v2\/tags?post=4731"}],"curies":[{"name":"wp","href":"https:\/\/api.w.org\/{rel}","templated":true}]}}