{"id":4720,"date":"2019-07-15T09:11:27","date_gmt":"2019-07-15T13:11:27","guid":{"rendered":"http:\/\/gobierno.udd.cl\/cpp\/?p=4720"},"modified":"2019-07-18T10:29:19","modified_gmt":"2019-07-18T14:29:19","slug":"mas-artilleria-para-j-a-kast-la-segunda","status":"publish","type":"post","link":"https:\/\/gobierno.udd.cl\/cpp\/noticias\/2019\/07\/15\/mas-artilleria-para-j-a-kast-la-segunda\/","title":{"rendered":"M\u00e1s artiller\u00eda para J. A. Kast &#8211; La Segunda"},"content":{"rendered":"<p style=\"text-align: justify;\">Adem\u00e1s de un enfrentamiento directo con los distintos grupos religiosos, la oposici\u00f3n manifestada en el inserto puede premunir de material a los sectores conservadores \u2014incluidos Jos\u00e9 Antonio Kast y la \u201cbancada evang\u00e9lica\u201d\u2014 para criticar al Gobierno por ceder en el \u00e1mbito val\u00f3rico.<\/p>\n<p style=\"text-align: justify;\">\u201cLa ministra Marcela Cubillos ha intentado tener una mirada cercana a quienes profesan religi\u00f3n y esto puede afectarla en la derecha m\u00e1s dura, que podr\u00eda enfatizar que otra vez el Gobierno se aleja del programa.<\/p>\n<p style=\"text-align: justify;\">Ese ha sido el discurso, realizando excesivas concesiones a la oposici\u00f3n, aunque la explicaci\u00f3n para el cambio curricular no sea esa\u201d, sentencia el cientista pol\u00edtico de la U. Central, Marco Moreno. Para el acad\u00e9mico de la\u00a0<span class=\"highlight\">UDD<\/span>,\u00a0<span class=\"highlight\">Rodrigo<\/span>\u00a0<span class=\"highlight\">Arellano<\/span>, la secretaria de Estado no se ver\u00e1 afectada en la medida en que mantenga un solo discurso, es decir, que no ceda respecto de los cambios propuestos para los ramos de religi\u00f3n, historia y educaci\u00f3n f\u00edsica.<\/p>\n<p style=\"text-align: justify;\">\u201cPero en la medida que vaya jugando para distintos, sectores claro que s\u00ed\u2026 Ser\u00eda poco consecuente y poco ministra Marcela Cubillos cambiar frente a la presi\u00f3n de un sector\u201d.<\/p>\n<p><a href=\"https:\/\/gobierno.udd.cl\/cpp\/files\/2019\/07\/2019-07-15_impresa.lasegunda.com_DM3L1G0E.jpg\"><img loading=\"lazy\" decoding=\"async\" class=\"wp-image-4721 aligncenter\" src=\"https:\/\/gobierno.udd.cl\/cpp\/files\/2019\/07\/2019-07-15_impresa.lasegunda.com_DM3L1G0E-231x300.jpg\" alt=\"\" width=\"299\" height=\"388\" srcset=\"https:\/\/gobierno.udd.cl\/cpp\/files\/2019\/07\/2019-07-15_impresa.lasegunda.com_DM3L1G0E-231x300.jpg 231w, https:\/\/gobierno.udd.cl\/cpp\/files\/2019\/07\/2019-07-15_impresa.lasegunda.com_DM3L1G0E-768x996.jpg 768w, https:\/\/gobierno.udd.cl\/cpp\/files\/2019\/07\/2019-07-15_impresa.lasegunda.com_DM3L1G0E-790x1024.jpg 790w, https:\/\/gobierno.udd.cl\/cpp\/files\/2019\/07\/2019-07-15_impresa.lasegunda.com_DM3L1G0E-740x960.jpg 740w, https:\/\/gobierno.udd.cl\/cpp\/files\/2019\/07\/2019-07-15_impresa.lasegunda.com_DM3L1G0E.jpg 1440w\" sizes=\"auto, (max-width: 299px) 100vw, 299px\" \/><\/a><\/p>\n","protected":false},"excerpt":{"rendered":"<p>Adem\u00e1s de un enfrentamiento directo con los distintos grupos religiosos, la oposici\u00f3n manifestada en el inserto puede premunir de material a los sectores conservadores \u2014incluidos Jos\u00e9 Antonio Kast y la \u201cbancada evang\u00e9lica\u201d\u2014 para criticar al Gobierno por ceder en el \u00e1mbito val\u00f3rico. \u201cLa ministra Marcela Cubillos ha intentado tener una mirada cercana a quienes profesan [&hellip;]<\/p>\n","protected":false},"author":22,"featured_media":4478,"comment_status":"open","ping_status":"open","sticky":false,"template":"","format":"standard","meta":{"footnotes":""},"categories":[10162],"tags":[],"class_list":["post-4720","post","type-post","status-publish","format-standard","has-post-thumbnail","hentry","category-centro-en-la-prensa"],"featured_image_url":"https:\/\/gobierno.udd.cl\/cpp\/files\/2019\/06\/Graficas_PoliticasPublicas-03.jpg","_links":{"self":[{"href":"https:\/\/gobierno.udd.cl\/cpp\/wp-json\/wp\/v2\/posts\/4720","targetHints":{"allow":["GET"]}}],"collection":[{"href":"https:\/\/gobierno.udd.cl\/cpp\/wp-json\/wp\/v2\/posts"}],"about":[{"href":"https:\/\/gobierno.udd.cl\/cpp\/wp-json\/wp\/v2\/types\/post"}],"author":[{"embeddable":true,"href":"https:\/\/gobierno.udd.cl\/cpp\/wp-json\/wp\/v2\/users\/22"}],"replies":[{"embeddable":true,"href":"https:\/\/gobierno.udd.cl\/cpp\/wp-json\/wp\/v2\/comments?post=4720"}],"version-history":[{"count":3,"href":"https:\/\/gobierno.udd.cl\/cpp\/wp-json\/wp\/v2\/posts\/4720\/revisions"}],"predecessor-version":[{"id":4733,"href":"https:\/\/gobierno.udd.cl\/cpp\/wp-json\/wp\/v2\/posts\/4720\/revisions\/4733"}],"wp:featuredmedia":[{"embeddable":true,"href":"https:\/\/gobierno.udd.cl\/cpp\/wp-json\/wp\/v2\/media\/4478"}],"wp:attachment":[{"href":"https:\/\/gobierno.udd.cl\/cpp\/wp-json\/wp\/v2\/media?parent=4720"}],"wp:term":[{"taxonomy":"category","embeddable":true,"href":"https:\/\/gobierno.udd.cl\/cpp\/wp-json\/wp\/v2\/categories?post=4720"},{"taxonomy":"post_tag","embeddable":true,"href":"https:\/\/gobierno.udd.cl\/cpp\/wp-json\/wp\/v2\/tags?post=4720"}],"curies":[{"name":"wp","href":"https:\/\/api.w.org\/{rel}","templated":true}]}}