{"id":4718,"date":"2019-07-10T08:51:37","date_gmt":"2019-07-10T12:51:37","guid":{"rendered":"http:\/\/gobierno.udd.cl\/cpp\/?p=4718"},"modified":"2019-07-18T08:56:45","modified_gmt":"2019-07-18T12:56:45","slug":"programa-hora-10-radio-agricultura-3","status":"publish","type":"post","link":"https:\/\/gobierno.udd.cl\/cpp\/noticias\/2019\/07\/10\/programa-hora-10-radio-agricultura-3\/","title":{"rendered":"Programa Hora 10 &#8211; Radio Agricultura"},"content":{"rendered":"<p><strong>Habla:\u00a0<\/strong>Pablo Valderrama, director ideapa\u00eds, Rodrigo Arellano, Vicedecano Facultad de Gobierno UDD.<\/p>\n<p><strong>Complicaciones en la frontera preocupan al Gobierno<\/strong><\/p>\n<p style=\"text-align: justify;\">La inmigraci\u00f3n se encuentra en la encrucijada, ya que ahora han aumentado los requisitos para ingresar a nuestro pa\u00eds. En la frontera de Chile, hay venezolanos que no han podido entrar a\u00a0 nuestro pa\u00eds.<\/p>\n<audio class=\"wp-audio-shortcode\" id=\"audio-4718-1\" preload=\"none\" style=\"width: 100%;\" controls=\"controls\"><source type=\"audio\/mpeg\" src=\"http:\/\/conectamedia.s3.amazonaws.com\/d4ca8da8c3eae874f30c7aa96a88c4a2.mp3?_=1\" \/><a href=\"http:\/\/conectamedia.s3.amazonaws.com\/d4ca8da8c3eae874f30c7aa96a88c4a2.mp3\">http:\/\/conectamedia.s3.amazonaws.com\/d4ca8da8c3eae874f30c7aa96a88c4a2.mp3<\/a><\/audio>\n<p>&nbsp;<\/p>\n<p><strong>Ascenso de Mar\u00eda Angelica Repetto a la Corte Suprema sigue en duda<\/strong><\/p>\n<p style=\"text-align: justify;\">El Gobierno todav\u00eda no tendr\u00eda los votos para aprobar su nominaci\u00f3n y la Comisi\u00f3n de Constituci\u00f3n del Senado despach\u00f3 informe sin acuerdo sobre su nombre.<\/p>\n<audio class=\"wp-audio-shortcode\" id=\"audio-4718-2\" preload=\"none\" style=\"width: 100%;\" controls=\"controls\"><source type=\"audio\/mpeg\" src=\"http:\/\/conectamedia.s3.amazonaws.com\/7cf1eef40a0a17e8c86d1d5cc70584eb.mp3?_=2\" \/><a href=\"http:\/\/conectamedia.s3.amazonaws.com\/7cf1eef40a0a17e8c86d1d5cc70584eb.mp3\">http:\/\/conectamedia.s3.amazonaws.com\/7cf1eef40a0a17e8c86d1d5cc70584eb.mp3<\/a><\/audio>\n<p>&nbsp;<\/p>\n<p style=\"text-align: justify;\"><strong>Jatar ya puede salir de casa pero no del pa\u00eds<\/strong><\/p>\n<p style=\"text-align: justify;\">La actual situaci\u00f3n en Venezuela sigue cr\u00edtica. Mientras el periodista Braulio Jatar ya fue liberado y se encuentra en prohibici\u00f3n de salida del pa\u00eds.<\/p>\n<audio class=\"wp-audio-shortcode\" id=\"audio-4718-3\" preload=\"none\" style=\"width: 100%;\" controls=\"controls\"><source type=\"audio\/mpeg\" src=\"http:\/\/conectamedia.s3.amazonaws.com\/f0497f1892e7d1c72428fdf930fb6dc3.mp3?_=3\" \/><a href=\"http:\/\/conectamedia.s3.amazonaws.com\/f0497f1892e7d1c72428fdf930fb6dc3.mp3\">http:\/\/conectamedia.s3.amazonaws.com\/f0497f1892e7d1c72428fdf930fb6dc3.mp3<\/a><\/audio>\n<p>&nbsp;<\/p>\n<p style=\"text-align: justify;\"><strong>Bachelet desnuda situaci\u00f3n en Venezuela<\/strong><\/p>\n<p style=\"text-align: justify;\">La alta comisionada para los Derechos Humanos, Michelle Bachelet, entreg\u00f3 la semana pasada un fatal informe sobre la actual situaci\u00f3n que se vive en Venezuela, generando una serie de repercusiones. Mientras, en nuestro pa\u00eds, el PC entreg\u00f3 un informe que desmiente los dichos de Bachelet.<\/p>\n<audio class=\"wp-audio-shortcode\" id=\"audio-4718-4\" preload=\"none\" style=\"width: 100%;\" controls=\"controls\"><source type=\"audio\/mpeg\" src=\"http:\/\/conectamedia.s3.amazonaws.com\/8c063dfe97a46af2e65c866a290e9683.mp3?_=4\" \/><a href=\"http:\/\/conectamedia.s3.amazonaws.com\/8c063dfe97a46af2e65c866a290e9683.mp3\">http:\/\/conectamedia.s3.amazonaws.com\/8c063dfe97a46af2e65c866a290e9683.mp3<\/a><\/audio>\n<p>&nbsp;<\/p>\n<p>&nbsp;<\/p>\n","protected":false},"excerpt":{"rendered":"<p>Habla:\u00a0Pablo Valderrama, director ideapa\u00eds, Rodrigo Arellano, Vicedecano Facultad de Gobierno UDD. Complicaciones en la frontera preocupan al Gobierno La inmigraci\u00f3n se encuentra en la encrucijada, ya que ahora han aumentado los requisitos para ingresar a nuestro pa\u00eds. En la frontera de Chile, hay venezolanos que no han podido entrar a\u00a0 nuestro pa\u00eds. http:\/\/conectamedia.s3.amazonaws.com\/d4ca8da8c3eae874f30c7aa96a88c4a2.mp3 &nbsp; Ascenso [&hellip;]<\/p>\n","protected":false},"author":22,"featured_media":4478,"comment_status":"open","ping_status":"open","sticky":false,"template":"","format":"standard","meta":{"footnotes":""},"categories":[10162],"tags":[],"class_list":["post-4718","post","type-post","status-publish","format-standard","has-post-thumbnail","hentry","category-centro-en-la-prensa"],"featured_image_url":"https:\/\/gobierno.udd.cl\/cpp\/files\/2019\/06\/Graficas_PoliticasPublicas-03.jpg","_links":{"self":[{"href":"https:\/\/gobierno.udd.cl\/cpp\/wp-json\/wp\/v2\/posts\/4718","targetHints":{"allow":["GET"]}}],"collection":[{"href":"https:\/\/gobierno.udd.cl\/cpp\/wp-json\/wp\/v2\/posts"}],"about":[{"href":"https:\/\/gobierno.udd.cl\/cpp\/wp-json\/wp\/v2\/types\/post"}],"author":[{"embeddable":true,"href":"https:\/\/gobierno.udd.cl\/cpp\/wp-json\/wp\/v2\/users\/22"}],"replies":[{"embeddable":true,"href":"https:\/\/gobierno.udd.cl\/cpp\/wp-json\/wp\/v2\/comments?post=4718"}],"version-history":[{"count":2,"href":"https:\/\/gobierno.udd.cl\/cpp\/wp-json\/wp\/v2\/posts\/4718\/revisions"}],"predecessor-version":[{"id":4737,"href":"https:\/\/gobierno.udd.cl\/cpp\/wp-json\/wp\/v2\/posts\/4718\/revisions\/4737"}],"wp:featuredmedia":[{"embeddable":true,"href":"https:\/\/gobierno.udd.cl\/cpp\/wp-json\/wp\/v2\/media\/4478"}],"wp:attachment":[{"href":"https:\/\/gobierno.udd.cl\/cpp\/wp-json\/wp\/v2\/media?parent=4718"}],"wp:term":[{"taxonomy":"category","embeddable":true,"href":"https:\/\/gobierno.udd.cl\/cpp\/wp-json\/wp\/v2\/categories?post=4718"},{"taxonomy":"post_tag","embeddable":true,"href":"https:\/\/gobierno.udd.cl\/cpp\/wp-json\/wp\/v2\/tags?post=4718"}],"curies":[{"name":"wp","href":"https:\/\/api.w.org\/{rel}","templated":true}]}}