{"id":4683,"date":"2019-07-02T09:11:11","date_gmt":"2019-07-02T13:11:11","guid":{"rendered":"http:\/\/gobierno.udd.cl\/cpp\/?p=4683"},"modified":"2019-07-09T11:36:14","modified_gmt":"2019-07-09T15:36:14","slug":"el-pesimismo-llego-para-quedarse-la-segunda","status":"publish","type":"post","link":"https:\/\/gobierno.udd.cl\/cpp\/noticias\/2019\/07\/02\/el-pesimismo-llego-para-quedarse-la-segunda\/","title":{"rendered":"El pesimismo lleg\u00f3 para quedarse &#8211; La Segunda"},"content":{"rendered":"<p style=\"text-align: justify;\">\u201cQueremos cambiar el estado de \u00e1nimo del pa\u00eds, vencer el pesimismo y superar esta percepci\u00f3n de que la gente baj\u00f3 los brazos\u201d.<\/p>\n<p style=\"text-align: justify;\">Con estas palabras el Presidente Pi\u00f1era \u2014en entrevista en El Mercurio el domingo 23 de junio\u2014 se refer\u00eda a cierto ambiente que parece estar instal\u00e1ndose en el pa\u00eds. El mandatario hac\u00eda referencia a la \u00faltima encuesta del CEP donde el 61% de los ciudadanos consider\u00f3 que el pa\u00eds est\u00e1 estancado, cuatro puntos m\u00e1s que en la medici\u00f3n de diciembre \u00faltimo.<\/p>\n<h5 style=\"text-align: justify;\">\u00bfREALIDAD O MERA PERCEPCI\u00d3N?<\/h5>\n<p style=\"text-align: justify;\">Seg\u00fan los n\u00fameros de la encuesta CEP se tratar\u00eda de una tendencia que se estar\u00eda incubando, a lo menos, desde julio de 2014. Desde esa fecha, el n\u00famero de chilenos que creen en el estancamiento del pa\u00eds no ha bajado del 51%, alcanzando un peak de 69% en agosto de 2017. Por contrapartida \u2014y en los \u00faltimos cuatro a\u00f1os\u2014 quienes sostienen que Chile progresa se han mantenido en un rango m\u00e1s bien bajo: entre el 13% y 30%.<\/p>\n<p style=\"text-align: justify;\">Como indica la cientista pol\u00edtica <strong>Soledad Reyes del Villar, del Centro de Pol\u00edticas P\u00fablicas de la\u00a0<span class=\"highlight\">U<\/span>.\u00a0<span class=\"highlight\">del<\/span>\u00a0<span class=\"highlight\">Desarrollo<\/span><\/strong>, estas cifras son \u201cm\u00e1s que un estado de \u00e1nimo relacionado a una coyuntura espec\u00edfica, porque es un proceso que no ha variado en el \u00faltimo tiempo. Al contrario, debido a alg\u00fan fen\u00f3meno concreto podr\u00eda sentirse cierto optimismo. Se trata de una sensaci\u00f3n generalizada, independiente del escenario econ\u00f3mico\u201d.<\/p>\n<p style=\"text-align: justify;\">Con esto concuerda el doctor en sociolog\u00eda, investigador de Flacso Chile y ex coordinador del Informe sobre Desarrollo Humano de Naciones Unidas, Rodrigo M\u00e1rquez, quien dice que se trata de una \u201ctendencia que est\u00e1 con nosotros hace rato y por lo tanto debe ser entendida en su perspectiva m\u00e1s larga. Las tensiones que hoy se aprecian son de largo plazo\u201d.<\/p>\n<p style=\"text-align: justify;\">En este escenario, el pesimismo parece golpear particularmente a las capas medias y bajas de la poblaci\u00f3n. Como se\u00f1alan los n\u00fameros del CEP, en los sectores bajos quienes ven el pa\u00eds estancado pasaron de un 57% a un 64%, mientras que en los medios ese n\u00famero pas\u00f3 del 58% al 60%. El soci\u00f3logo y acad\u00e9mico de la U. Mayor, Nelson Morales Lazo, dice que \u201cestamos viviendo un per\u00edodo de transformaci\u00f3n productiva que genera amenazas que cada uno enfrenta a partir de las condiciones que tiene. Por ejemplo, la negociaci\u00f3n colectiva en Walmart donde est\u00e1 muy presente el tema de la automatizaci\u00f3n laboral. Las oportunidades en Chile est\u00e1n vinculadas a personas de alta escolaridad, pero para las clases medias y pobres esas opciones no est\u00e1n a la mano y eso hace instalar una perspectiva muy negativa sobre el futuro. Es lo que los franceses llaman el \u2018malestar identitario\u2019\u201d.<\/p>\n<p style=\"text-align: justify;\">Este pesimismo individual, agrega Morales, se traducir\u00eda con el paso del tiempo en una cr\u00edtica a los espacios de representaci\u00f3n pol\u00edtica, en especial al Gobierno. \u201cMira los \u00abchalecos amarillos\u00bb en Francia: partieron criticando una medida peque\u00f1a como el alza del impuesto al di\u00e9sel, y hoy \u00bfpor qu\u00e9 protestan? Por el modelo de desarrollo, un modelo de vida que les resulta perjudicial\u201d.<\/p>\n<h5 style=\"text-align: justify;\">\u00bfQU\u00c9 ES ESTAR ESTANCADO?<\/h5>\n<p style=\"text-align: justify;\">Con todo, se trata de n\u00fameros que construyen cierta paradoja, debido a que \u2014seg\u00fan n\u00fameros de la propia CEP\u2014 ocho de cada diez chilenos se declaran satisfechos con sus vidas personal y familiar. Para M\u00e1rquez el que haya una postura m\u00e1s positiva de valoraci\u00f3n personal y m\u00e1s cr\u00edtica en relaci\u00f3n a la sociedad, se deber\u00eda a \u201cque las personas se encuentran m\u00e1s bien confiadas en sus propias capacidades y en lo que ellas pueden lograr por s\u00ed mismas. Pero, al mismo tiempo, las personas miran con desconfianza, como obst\u00e1culos para sus aspiraciones y proyectos, las tensiones, incertidumbres y amenazas que provienen de la sociedad\u201d y que se traducir\u00edan en bajas pensiones, la baja calidad en la educaci\u00f3n y una salud costosa.<\/p>\n<p style=\"text-align: justify;\">Para el doctor en Sociolog\u00eda y acad\u00e9mico de la U. Andr\u00e9s Bello, Juan Carlos Oyanedel, \u201ccuando hablamos de pesimismo, estamos hablando de una visi\u00f3n hacia el futuro, mientras que la satisfacci\u00f3n vital est\u00e1 asociada al bienestar recordado. Por eso es posible que no exista disonancia entre las dos situaciones. El tema es que si experimentamos emociones negativas de forma continua, lo que ocurre en periodos de inestabilidad social creciente, es que nuestra satisfacci\u00f3n vital se afecte\u201d.<\/p>\n<p style=\"text-align: justify;\">De todas maneras, no parece claro que el pesimismo sea parte de los procesos normales de un pa\u00eds cerca de alcanzar el desarrollo como Chile. Como dice M\u00e1rquez, los propios n\u00fameros del CEP muestran que dicha ca\u00edda en las expectativas no era algo que caracterizara al pa\u00eds en los \u201990. Por ello, lo importante es no asumir interpretaciones superficiales a este fen\u00f3meno. \u201cDebemos comprender a fondo qu\u00e9 est\u00e1 detr\u00e1s de las respuestas que las personas dan cuando eval\u00faan sus vidas y la sociedad. \u00bfEs puramente \u201cpesimismo\u201d lo que se trasunta detr\u00e1s de la expresi\u00f3n \u201cestancado\u201d?, \u00bfes una mera disposici\u00f3n a creer siempre que las cosas saldr\u00e1n mal? \u00bfO es una respuesta que denota que no se ve o no se entiende con claridad el rumbo que lleva el pa\u00eds? \u00bfSer\u00e1 que est\u00e1 reaccionando negativamente a una promesa de cambio no cumplida?\u201d, se\u00f1ala.<\/p>\n<p>&nbsp;<\/p>\n<p><a href=\"https:\/\/gobierno.udd.cl\/cpp\/files\/2019\/07\/2019-07-02_impresa.lasegunda.com_P23KQFT4.jpg\"><img loading=\"lazy\" decoding=\"async\" class=\"size-medium wp-image-4685 aligncenter\" src=\"https:\/\/gobierno.udd.cl\/cpp\/files\/2019\/07\/2019-07-02_impresa.lasegunda.com_P23KQFT4-231x300.jpg\" alt=\"\" width=\"231\" height=\"300\" srcset=\"https:\/\/gobierno.udd.cl\/cpp\/files\/2019\/07\/2019-07-02_impresa.lasegunda.com_P23KQFT4-231x300.jpg 231w, https:\/\/gobierno.udd.cl\/cpp\/files\/2019\/07\/2019-07-02_impresa.lasegunda.com_P23KQFT4-768x996.jpg 768w, https:\/\/gobierno.udd.cl\/cpp\/files\/2019\/07\/2019-07-02_impresa.lasegunda.com_P23KQFT4-790x1024.jpg 790w, https:\/\/gobierno.udd.cl\/cpp\/files\/2019\/07\/2019-07-02_impresa.lasegunda.com_P23KQFT4-740x960.jpg 740w, https:\/\/gobierno.udd.cl\/cpp\/files\/2019\/07\/2019-07-02_impresa.lasegunda.com_P23KQFT4.jpg 1440w\" sizes=\"auto, (max-width: 231px) 100vw, 231px\" \/><\/a><\/p>\n","protected":false},"excerpt":{"rendered":"<p>Seg\u00fan expertos, m\u00e1s que un fen\u00f3meno asociado a una coyuntura espec\u00edfica -como el momento econ\u00f3mico- se trata de una tendencia de largo plazo  <\/p>\n","protected":false},"author":22,"featured_media":4524,"comment_status":"open","ping_status":"open","sticky":false,"template":"","format":"standard","meta":{"footnotes":""},"categories":[10162],"tags":[],"class_list":["post-4683","post","type-post","status-publish","format-standard","has-post-thumbnail","hentry","category-centro-en-la-prensa"],"featured_image_url":"https:\/\/gobierno.udd.cl\/cpp\/files\/2019\/05\/Graficas_PoliticasPublicas-03.jpg","_links":{"self":[{"href":"https:\/\/gobierno.udd.cl\/cpp\/wp-json\/wp\/v2\/posts\/4683","targetHints":{"allow":["GET"]}}],"collection":[{"href":"https:\/\/gobierno.udd.cl\/cpp\/wp-json\/wp\/v2\/posts"}],"about":[{"href":"https:\/\/gobierno.udd.cl\/cpp\/wp-json\/wp\/v2\/types\/post"}],"author":[{"embeddable":true,"href":"https:\/\/gobierno.udd.cl\/cpp\/wp-json\/wp\/v2\/users\/22"}],"replies":[{"embeddable":true,"href":"https:\/\/gobierno.udd.cl\/cpp\/wp-json\/wp\/v2\/comments?post=4683"}],"version-history":[{"count":5,"href":"https:\/\/gobierno.udd.cl\/cpp\/wp-json\/wp\/v2\/posts\/4683\/revisions"}],"predecessor-version":[{"id":4707,"href":"https:\/\/gobierno.udd.cl\/cpp\/wp-json\/wp\/v2\/posts\/4683\/revisions\/4707"}],"wp:featuredmedia":[{"embeddable":true,"href":"https:\/\/gobierno.udd.cl\/cpp\/wp-json\/wp\/v2\/media\/4524"}],"wp:attachment":[{"href":"https:\/\/gobierno.udd.cl\/cpp\/wp-json\/wp\/v2\/media?parent=4683"}],"wp:term":[{"taxonomy":"category","embeddable":true,"href":"https:\/\/gobierno.udd.cl\/cpp\/wp-json\/wp\/v2\/categories?post=4683"},{"taxonomy":"post_tag","embeddable":true,"href":"https:\/\/gobierno.udd.cl\/cpp\/wp-json\/wp\/v2\/tags?post=4683"}],"curies":[{"name":"wp","href":"https:\/\/api.w.org\/{rel}","templated":true}]}}