{"id":4673,"date":"2019-06-26T15:58:00","date_gmt":"2019-06-26T19:58:00","guid":{"rendered":"http:\/\/gobierno.udd.cl\/cpp\/?p=4673"},"modified":"2019-07-09T15:03:53","modified_gmt":"2019-07-09T19:03:53","slug":"programa-hora-10-radio-agricultura","status":"publish","type":"post","link":"https:\/\/gobierno.udd.cl\/cpp\/noticias\/2019\/06\/26\/programa-hora-10-radio-agricultura\/","title":{"rendered":"Programa \u00abHora 10\u00bb &#8211; Radio Agricultura"},"content":{"rendered":"<h3 style=\"text-align: justify;\">LAS REDES SOCIALES EN EL MOVIMIENTO DE LOS PROFESORES<\/h3>\n<p style=\"text-align: justify;\">Dan cuenta del fen\u00f3meno ocurrido con la increpaci\u00f3n de la profesora hacia la ministra. Tambi\u00e9n el fortalecimiento y empoderamiento de Marcela Cubillos tras el episodio.<\/p>\n<div style=\"text-align: justify;\"><b>Menci\u00f3n:<\/b><br \/>\n<span class=\"highlight\">Universidad<\/span>\u00a0<span class=\"highlight\">Del<\/span>\u00a0<span class=\"highlight\">Desarrollo<\/span>.<\/div>\n<div><\/div>\n<div>\n<audio class=\"wp-audio-shortcode\" id=\"audio-4673-1\" preload=\"none\" style=\"width: 100%;\" controls=\"controls\"><source type=\"audio\/mpeg\" src=\"http:\/\/conectamedia.s3.amazonaws.com\/367d50ae327ff9eb4cdc5af9b2ed261d.mp3?_=1\" \/><a href=\"http:\/\/conectamedia.s3.amazonaws.com\/367d50ae327ff9eb4cdc5af9b2ed261d.mp3\">http:\/\/conectamedia.s3.amazonaws.com\/367d50ae327ff9eb4cdc5af9b2ed261d.mp3<\/a><\/audio>\n<\/div>\n<h3><\/h3>\n<h3 style=\"text-align: justify;\">EL SISTEMA CURRICULAR<\/h3>\n<p style=\"text-align: justify;\">Comentan acerca de las bases del sistema curricular, si debiera ser s\u00f3lida o flexible. En primera instancia abordan la libertad de elegir de parte de los apoderados y de los mismos alumnos en base a su vocaci\u00f3n. Sin embargo, en consideraci\u00f3n a la educaci\u00f3n p\u00fablica, con recursos limitados y contextos distintos, establecer una base estandarizadora para los procesos educativos no logra acuerdo.<\/p>\n<div style=\"text-align: justify;\"><b>Menci\u00f3n:<\/b><br \/>\n<span class=\"highlight\">Universidad<\/span>\u00a0<span class=\"highlight\">Del<\/span>\u00a0<span class=\"highlight\">Desarrollo<\/span>.<\/div>\n<div><\/div>\n<div>\n<audio class=\"wp-audio-shortcode\" id=\"audio-4673-2\" preload=\"none\" style=\"width: 100%;\" controls=\"controls\"><source type=\"audio\/mpeg\" src=\"http:\/\/conectamedia.s3.amazonaws.com\/eba32e68ce5876c31a2f0d9e593169a2.mp3?_=2\" \/><a href=\"http:\/\/conectamedia.s3.amazonaws.com\/eba32e68ce5876c31a2f0d9e593169a2.mp3\">http:\/\/conectamedia.s3.amazonaws.com\/eba32e68ce5876c31a2f0d9e593169a2.mp3<\/a><\/audio>\n<p>&nbsp;<\/p>\n<h3 style=\"text-align: justify;\">MODERNIZACI\u00d3N DEL ESTADO<\/h3>\n<\/div>\n<div>\n<p style=\"text-align: justify;\">La discusi\u00f3n de la modernizaci\u00f3n del Estado incluye algunas instituciones pero el parlamento se seguir\u00eda manteniendo al margen. De esta forma, no s\u00f3lo es la reducci\u00f3n al n\u00famero de parlamentarios sino de los procesos del funcionamiento de \u00e9ste y de facultad co-legisladora del Presidente, que tambi\u00e9n deber\u00eda modernizarse, no solo en forma sino tambi\u00e9n en protocolo, por ejemplo, en las reuniones que tiene presidencia con los presidentes de los partidos pol\u00edticos.<\/p>\n<p style=\"text-align: justify;\"><b>Menci\u00f3n:<\/b><br \/>\n<span class=\"highlight\">Universidad<\/span>\u00a0<span class=\"highlight\">Del<\/span>\u00a0<span class=\"highlight\">Desarrollo<\/span>; Presidente Sebasti\u00e1n Pi\u00f1era; Andr\u00e9s Chadwick; ministro del Interior. Marcela Cubillos; ministra de Educaci\u00f3n. Comisi\u00f3n Engel.<\/p>\n<audio class=\"wp-audio-shortcode\" id=\"audio-4673-3\" preload=\"none\" style=\"width: 100%;\" controls=\"controls\"><source type=\"audio\/mpeg\" src=\"http:\/\/conectamedia.s3.amazonaws.com\/62ace22dc6e12f7ef79f55a89f5e98f2.mp3?_=3\" \/><a href=\"http:\/\/conectamedia.s3.amazonaws.com\/62ace22dc6e12f7ef79f55a89f5e98f2.mp3\">http:\/\/conectamedia.s3.amazonaws.com\/62ace22dc6e12f7ef79f55a89f5e98f2.mp3<\/a><\/audio>\n<\/div>\n","protected":false},"excerpt":{"rendered":"<p>LAS REDES SOCIALES EN EL MOVIMIENTO DE LOS PROFESORES Dan cuenta del fen\u00f3meno ocurrido con la increpaci\u00f3n de la profesora hacia la ministra. Tambi\u00e9n el fortalecimiento y empoderamiento de Marcela Cubillos tras el episodio. Menci\u00f3n: Universidad\u00a0Del\u00a0Desarrollo. EL SISTEMA CURRICULAR Comentan acerca de las bases del sistema curricular, si debiera ser s\u00f3lida o flexible. En primera [&hellip;]<\/p>\n","protected":false},"author":22,"featured_media":4524,"comment_status":"open","ping_status":"open","sticky":false,"template":"","format":"standard","meta":{"footnotes":""},"categories":[10162],"tags":[],"class_list":["post-4673","post","type-post","status-publish","format-standard","has-post-thumbnail","hentry","category-centro-en-la-prensa"],"featured_image_url":"https:\/\/gobierno.udd.cl\/cpp\/files\/2019\/05\/Graficas_PoliticasPublicas-03.jpg","_links":{"self":[{"href":"https:\/\/gobierno.udd.cl\/cpp\/wp-json\/wp\/v2\/posts\/4673","targetHints":{"allow":["GET"]}}],"collection":[{"href":"https:\/\/gobierno.udd.cl\/cpp\/wp-json\/wp\/v2\/posts"}],"about":[{"href":"https:\/\/gobierno.udd.cl\/cpp\/wp-json\/wp\/v2\/types\/post"}],"author":[{"embeddable":true,"href":"https:\/\/gobierno.udd.cl\/cpp\/wp-json\/wp\/v2\/users\/22"}],"replies":[{"embeddable":true,"href":"https:\/\/gobierno.udd.cl\/cpp\/wp-json\/wp\/v2\/comments?post=4673"}],"version-history":[{"count":5,"href":"https:\/\/gobierno.udd.cl\/cpp\/wp-json\/wp\/v2\/posts\/4673\/revisions"}],"predecessor-version":[{"id":4709,"href":"https:\/\/gobierno.udd.cl\/cpp\/wp-json\/wp\/v2\/posts\/4673\/revisions\/4709"}],"wp:featuredmedia":[{"embeddable":true,"href":"https:\/\/gobierno.udd.cl\/cpp\/wp-json\/wp\/v2\/media\/4524"}],"wp:attachment":[{"href":"https:\/\/gobierno.udd.cl\/cpp\/wp-json\/wp\/v2\/media?parent=4673"}],"wp:term":[{"taxonomy":"category","embeddable":true,"href":"https:\/\/gobierno.udd.cl\/cpp\/wp-json\/wp\/v2\/categories?post=4673"},{"taxonomy":"post_tag","embeddable":true,"href":"https:\/\/gobierno.udd.cl\/cpp\/wp-json\/wp\/v2\/tags?post=4673"}],"curies":[{"name":"wp","href":"https:\/\/api.w.org\/{rel}","templated":true}]}}