{"id":4640,"date":"2019-06-27T09:37:48","date_gmt":"2019-06-27T13:37:48","guid":{"rendered":"http:\/\/gobierno.udd.cl\/cpp\/?p=4640"},"modified":"2019-07-02T09:41:43","modified_gmt":"2019-07-02T13:41:43","slug":"entrevista-a-guido-larson-emol-tv","status":"publish","type":"post","link":"https:\/\/gobierno.udd.cl\/cpp\/noticias\/2019\/06\/27\/entrevista-a-guido-larson-emol-tv\/","title":{"rendered":"Entrevista a Guido Larson &#8211; Emol TV"},"content":{"rendered":"<div class=\"titulo\">\n<h3 class=\"ng-binding\">Cientista pol\u00edtico y pol\u00e9mica en gira de Pi\u00f1era a Medio Oriente: \u00abEs responsabilidad de canciller\u00eda\u00bb<\/h3>\n<\/div>\n<div class=\"bajada\">\n<p class=\"ng-binding\">El acad\u00e9mico de la Universidad del Desarrollo, Guido Larson, explic\u00f3 los efectos del viaje del presidente Sebasti\u00e1n Pi\u00f1era a Medio Oriente, la nota diplom\u00e1tica a Israel, asegur\u00f3 que no traer\u00e1 efectos y que en Chile se \u00absobreestim\u00f3\u00bb.<\/p>\n<\/div>\n<div style=\"width: 640px;\" class=\"wp-video\"><video class=\"wp-video-shortcode\" id=\"video-4640-1\" width=\"640\" height=\"360\" preload=\"metadata\" controls=\"controls\"><source type=\"video\/mp4\" src=\"http:\/\/videosetv.ecn.cl\/EMOLTV_V2_20190627153200371_480p.mp4?_=1\" \/><a href=\"http:\/\/videosetv.ecn.cl\/EMOLTV_V2_20190627153200371_480p.mp4\">http:\/\/videosetv.ecn.cl\/EMOLTV_V2_20190627153200371_480p.mp4<\/a><\/video><\/div>\n","protected":false},"excerpt":{"rendered":"<p>Cientista pol\u00edtico y pol\u00e9mica en gira de Pi\u00f1era a Medio Oriente: \u00abEs responsabilidad de canciller\u00eda\u00bb El acad\u00e9mico de la Universidad del Desarrollo, Guido Larson, explic\u00f3 los efectos del viaje del presidente Sebasti\u00e1n Pi\u00f1era a Medio Oriente, la nota diplom\u00e1tica a Israel, asegur\u00f3 que no traer\u00e1 efectos y que en Chile se \u00absobreestim\u00f3\u00bb.<\/p>\n","protected":false},"author":22,"featured_media":4524,"comment_status":"open","ping_status":"open","sticky":false,"template":"","format":"standard","meta":{"footnotes":""},"categories":[10162],"tags":[],"class_list":["post-4640","post","type-post","status-publish","format-standard","has-post-thumbnail","hentry","category-centro-en-la-prensa"],"featured_image_url":"https:\/\/gobierno.udd.cl\/cpp\/files\/2019\/05\/Graficas_PoliticasPublicas-03.jpg","_links":{"self":[{"href":"https:\/\/gobierno.udd.cl\/cpp\/wp-json\/wp\/v2\/posts\/4640","targetHints":{"allow":["GET"]}}],"collection":[{"href":"https:\/\/gobierno.udd.cl\/cpp\/wp-json\/wp\/v2\/posts"}],"about":[{"href":"https:\/\/gobierno.udd.cl\/cpp\/wp-json\/wp\/v2\/types\/post"}],"author":[{"embeddable":true,"href":"https:\/\/gobierno.udd.cl\/cpp\/wp-json\/wp\/v2\/users\/22"}],"replies":[{"embeddable":true,"href":"https:\/\/gobierno.udd.cl\/cpp\/wp-json\/wp\/v2\/comments?post=4640"}],"version-history":[{"count":2,"href":"https:\/\/gobierno.udd.cl\/cpp\/wp-json\/wp\/v2\/posts\/4640\/revisions"}],"predecessor-version":[{"id":4642,"href":"https:\/\/gobierno.udd.cl\/cpp\/wp-json\/wp\/v2\/posts\/4640\/revisions\/4642"}],"wp:featuredmedia":[{"embeddable":true,"href":"https:\/\/gobierno.udd.cl\/cpp\/wp-json\/wp\/v2\/media\/4524"}],"wp:attachment":[{"href":"https:\/\/gobierno.udd.cl\/cpp\/wp-json\/wp\/v2\/media?parent=4640"}],"wp:term":[{"taxonomy":"category","embeddable":true,"href":"https:\/\/gobierno.udd.cl\/cpp\/wp-json\/wp\/v2\/categories?post=4640"},{"taxonomy":"post_tag","embeddable":true,"href":"https:\/\/gobierno.udd.cl\/cpp\/wp-json\/wp\/v2\/tags?post=4640"}],"curies":[{"name":"wp","href":"https:\/\/api.w.org\/{rel}","templated":true}]}}