{"id":4635,"date":"2019-06-26T09:25:23","date_gmt":"2019-06-26T13:25:23","guid":{"rendered":"http:\/\/gobierno.udd.cl\/cpp\/?p=4635"},"modified":"2019-07-02T13:32:39","modified_gmt":"2019-07-02T17:32:39","slug":"entrevista-guido-larson-director-instituto-humanidades-udd-por-debates-del-partido-democrata-en-ee-uu","status":"publish","type":"post","link":"https:\/\/gobierno.udd.cl\/cpp\/noticias\/2019\/06\/26\/entrevista-guido-larson-director-instituto-humanidades-udd-por-debates-del-partido-democrata-en-ee-uu\/","title":{"rendered":"Entrevista Guido Larson, director Instituto Humanidades UDD, por debates del Partido Dem\u00f3crata en EE.UU &#8211; Radio Infinita"},"content":{"rendered":"<p>Este mi\u00e9rcoles comienzan los debates del Partido Dem\u00f3crata con 20 participantes que buscar\u00e1n vencer a Donald Trump en las elecciones presidenciales del 2020.<\/p>\n<p><b>Habla:<\/b>\u00a0<span class=\"highlight\">Guido<\/span>\u00a0<span class=\"highlight\">Larson<\/span>, director Instituto de Humanidades de Universidad del Desarrollo<\/p>\n<audio class=\"wp-audio-shortcode\" id=\"audio-4635-1\" preload=\"none\" style=\"width: 100%;\" controls=\"controls\"><source type=\"audio\/mpeg\" src=\"http:\/\/conectamedia.s3.amazonaws.com\/01118223fb19f0e75fa39c7c7407d273.mp3?_=1\" \/><a href=\"http:\/\/conectamedia.s3.amazonaws.com\/01118223fb19f0e75fa39c7c7407d273.mp3\">http:\/\/conectamedia.s3.amazonaws.com\/01118223fb19f0e75fa39c7c7407d273.mp3<\/a><\/audio>\n","protected":false},"excerpt":{"rendered":"<p>Este mi\u00e9rcoles comienzan los debates del Partido Dem\u00f3crata con 20 participantes que buscar\u00e1n vencer a Donald Trump en las elecciones presidenciales del 2020. Habla:\u00a0Guido\u00a0Larson, director Instituto de Humanidades de Universidad del Desarrollo<\/p>\n","protected":false},"author":22,"featured_media":4524,"comment_status":"open","ping_status":"open","sticky":false,"template":"","format":"standard","meta":{"footnotes":""},"categories":[10162],"tags":[],"class_list":["post-4635","post","type-post","status-publish","format-standard","has-post-thumbnail","hentry","category-centro-en-la-prensa"],"featured_image_url":"https:\/\/gobierno.udd.cl\/cpp\/files\/2019\/05\/Graficas_PoliticasPublicas-03.jpg","_links":{"self":[{"href":"https:\/\/gobierno.udd.cl\/cpp\/wp-json\/wp\/v2\/posts\/4635","targetHints":{"allow":["GET"]}}],"collection":[{"href":"https:\/\/gobierno.udd.cl\/cpp\/wp-json\/wp\/v2\/posts"}],"about":[{"href":"https:\/\/gobierno.udd.cl\/cpp\/wp-json\/wp\/v2\/types\/post"}],"author":[{"embeddable":true,"href":"https:\/\/gobierno.udd.cl\/cpp\/wp-json\/wp\/v2\/users\/22"}],"replies":[{"embeddable":true,"href":"https:\/\/gobierno.udd.cl\/cpp\/wp-json\/wp\/v2\/comments?post=4635"}],"version-history":[{"count":2,"href":"https:\/\/gobierno.udd.cl\/cpp\/wp-json\/wp\/v2\/posts\/4635\/revisions"}],"predecessor-version":[{"id":4661,"href":"https:\/\/gobierno.udd.cl\/cpp\/wp-json\/wp\/v2\/posts\/4635\/revisions\/4661"}],"wp:featuredmedia":[{"embeddable":true,"href":"https:\/\/gobierno.udd.cl\/cpp\/wp-json\/wp\/v2\/media\/4524"}],"wp:attachment":[{"href":"https:\/\/gobierno.udd.cl\/cpp\/wp-json\/wp\/v2\/media?parent=4635"}],"wp:term":[{"taxonomy":"category","embeddable":true,"href":"https:\/\/gobierno.udd.cl\/cpp\/wp-json\/wp\/v2\/categories?post=4635"},{"taxonomy":"post_tag","embeddable":true,"href":"https:\/\/gobierno.udd.cl\/cpp\/wp-json\/wp\/v2\/tags?post=4635"}],"curies":[{"name":"wp","href":"https:\/\/api.w.org\/{rel}","templated":true}]}}