{"id":4633,"date":"2019-06-26T09:18:43","date_gmt":"2019-06-26T13:18:43","guid":{"rendered":"http:\/\/gobierno.udd.cl\/cpp\/?p=4633"},"modified":"2019-07-02T09:24:57","modified_gmt":"2019-07-02T13:24:57","slug":"directo-al-grano-radio-agricultura-2","status":"publish","type":"post","link":"https:\/\/gobierno.udd.cl\/cpp\/noticias\/2019\/06\/26\/directo-al-grano-radio-agricultura-2\/","title":{"rendered":"Directo al grano &#8211; Radio Agricultura"},"content":{"rendered":"<h3>Sistema integral de protecci\u00f3n a la ni\u00f1ez del gobierno<\/h3>\n<p>Conversaci\u00f3n sobre el plan de gobierno de un\u00a0Sistema integral de protecci\u00f3n a la ni\u00f1ez y su importancia de la pol\u00edtica de prevenci\u00f3n para evitar vulneraciones sobre los ni\u00f1os en riesgo social.<\/p>\n<p><b><\/b><b>Habla:<\/b>\u00a0Carol Baum, Subsecretaria de la Ni\u00f1ez; Rosario Moreno, Escritora; Gonzalo M\u00fcller, Director Centro Pol\u00edticas P\u00fablicas\u00a0<span class=\"highlight\">UDD<\/span><\/p>\n<p><b>Menci\u00f3n:<\/b>\u00a0Sename<\/p>\n<audio class=\"wp-audio-shortcode\" id=\"audio-4633-1\" preload=\"none\" style=\"width: 100%;\" controls=\"controls\"><source type=\"audio\/mpeg\" src=\"http:\/\/conectamedia.s3.amazonaws.com\/af314ad252fb5d20fb13aefcada8ef10.mp3?_=1\" \/><a href=\"http:\/\/conectamedia.s3.amazonaws.com\/af314ad252fb5d20fb13aefcada8ef10.mp3\">http:\/\/conectamedia.s3.amazonaws.com\/af314ad252fb5d20fb13aefcada8ef10.mp3<\/a><\/audio>\n<h6><\/h6>\n<h3>Discusi\u00f3n por la presencia de un ni\u00f1o en un embarazo<\/h3>\n<p>Conversaci\u00f3n sobre la disputa de m\u00e1s de un a\u00f1o entre la defensora de la ni\u00f1ez, Patricia Mu\u00f1oz y la Subsecretaria, Carol Baum, respecto a cu\u00e1ndo se considera que hay la presencia de un ni\u00f1o en un embarazo.<\/p>\n<p><b>Habla:<\/b>\u00a0Carol Baum, Subsecretaria de la Ni\u00f1ez; Rosario Moreno, Escritora; Gonzalo M\u00fcller, Director Centro Pol\u00edticas P\u00fablicas\u00a0<span class=\"highlight\">UDD<\/span><\/p>\n<p><b>Menci\u00f3n:<\/b>\u00a0Subsecretar\u00eda de la ni\u00f1ez<\/p>\n<audio class=\"wp-audio-shortcode\" id=\"audio-4633-2\" preload=\"none\" style=\"width: 100%;\" controls=\"controls\"><source type=\"audio\/mpeg\" src=\"http:\/\/conectamedia.s3.amazonaws.com\/104f6f36faf1a4d5832b0bc863599e89.mp3?_=2\" \/><a href=\"http:\/\/conectamedia.s3.amazonaws.com\/104f6f36faf1a4d5832b0bc863599e89.mp3\">http:\/\/conectamedia.s3.amazonaws.com\/104f6f36faf1a4d5832b0bc863599e89.mp3<\/a><\/audio>\n<p>&nbsp;<\/p>\n<h3>Patria y potestad de los padres a cambio de la autonom\u00eda progresiva de los ni\u00f1os<\/h3>\n<p>Panel sobre la votaci\u00f3n de la reforma constitucional en que se pone en juicio la soberan\u00eda de Chile y la patria y potestad de los padres a cambio de la autonom\u00eda progresiva de los ni\u00f1os.<br \/>\n<small><\/small><\/p>\n<p><b>Habla:<\/b>\u00a0Carol Baum, Subsecretaria de la Ni\u00f1ez; Rosario Moreno, Escritora; Gonzalo M\u00fcller, Director Centro Pol\u00edticas P\u00fablicas\u00a0<span class=\"highlight\">UDD<\/span><\/p>\n<audio class=\"wp-audio-shortcode\" id=\"audio-4633-3\" preload=\"none\" style=\"width: 100%;\" controls=\"controls\"><source type=\"audio\/mpeg\" src=\"http:\/\/conectamedia.s3.amazonaws.com\/f767412acf10fb624b8dd4e74f38a660.mp3?_=3\" \/><a href=\"http:\/\/conectamedia.s3.amazonaws.com\/f767412acf10fb624b8dd4e74f38a660.mp3\">http:\/\/conectamedia.s3.amazonaws.com\/f767412acf10fb624b8dd4e74f38a660.mp3<\/a><\/audio>\n<p>&nbsp;<\/p>\n","protected":false},"excerpt":{"rendered":"<p>Sistema integral de protecci\u00f3n a la ni\u00f1ez del gobierno Conversaci\u00f3n sobre el plan de gobierno de un\u00a0Sistema integral de protecci\u00f3n a la ni\u00f1ez y su importancia de la pol\u00edtica de prevenci\u00f3n para evitar vulneraciones sobre los ni\u00f1os en riesgo social. Habla:\u00a0Carol Baum, Subsecretaria de la Ni\u00f1ez; Rosario Moreno, Escritora; Gonzalo M\u00fcller, Director Centro Pol\u00edticas P\u00fablicas\u00a0UDD [&hellip;]<\/p>\n","protected":false},"author":22,"featured_media":4524,"comment_status":"open","ping_status":"open","sticky":false,"template":"","format":"standard","meta":{"footnotes":""},"categories":[10162],"tags":[],"class_list":["post-4633","post","type-post","status-publish","format-standard","has-post-thumbnail","hentry","category-centro-en-la-prensa"],"featured_image_url":"https:\/\/gobierno.udd.cl\/cpp\/files\/2019\/05\/Graficas_PoliticasPublicas-03.jpg","_links":{"self":[{"href":"https:\/\/gobierno.udd.cl\/cpp\/wp-json\/wp\/v2\/posts\/4633","targetHints":{"allow":["GET"]}}],"collection":[{"href":"https:\/\/gobierno.udd.cl\/cpp\/wp-json\/wp\/v2\/posts"}],"about":[{"href":"https:\/\/gobierno.udd.cl\/cpp\/wp-json\/wp\/v2\/types\/post"}],"author":[{"embeddable":true,"href":"https:\/\/gobierno.udd.cl\/cpp\/wp-json\/wp\/v2\/users\/22"}],"replies":[{"embeddable":true,"href":"https:\/\/gobierno.udd.cl\/cpp\/wp-json\/wp\/v2\/comments?post=4633"}],"version-history":[{"count":1,"href":"https:\/\/gobierno.udd.cl\/cpp\/wp-json\/wp\/v2\/posts\/4633\/revisions"}],"predecessor-version":[{"id":4634,"href":"https:\/\/gobierno.udd.cl\/cpp\/wp-json\/wp\/v2\/posts\/4633\/revisions\/4634"}],"wp:featuredmedia":[{"embeddable":true,"href":"https:\/\/gobierno.udd.cl\/cpp\/wp-json\/wp\/v2\/media\/4524"}],"wp:attachment":[{"href":"https:\/\/gobierno.udd.cl\/cpp\/wp-json\/wp\/v2\/media?parent=4633"}],"wp:term":[{"taxonomy":"category","embeddable":true,"href":"https:\/\/gobierno.udd.cl\/cpp\/wp-json\/wp\/v2\/categories?post=4633"},{"taxonomy":"post_tag","embeddable":true,"href":"https:\/\/gobierno.udd.cl\/cpp\/wp-json\/wp\/v2\/tags?post=4633"}],"curies":[{"name":"wp","href":"https:\/\/api.w.org\/{rel}","templated":true}]}}