{"id":4630,"date":"2019-06-28T09:12:17","date_gmt":"2019-06-28T13:12:17","guid":{"rendered":"http:\/\/gobierno.udd.cl\/cpp\/?p=4630"},"modified":"2019-07-02T13:32:03","modified_gmt":"2019-07-02T17:32:03","slug":"entrevista-a-guido-larson-director-del-instituto-de-humanidades-del-la-universidad-del-desarrollo-sobre-el-g20","status":"publish","type":"post","link":"https:\/\/gobierno.udd.cl\/cpp\/noticias\/2019\/06\/28\/entrevista-a-guido-larson-director-del-instituto-de-humanidades-del-la-universidad-del-desarrollo-sobre-el-g20\/","title":{"rendered":"Entrevista a Guido Larson, Director del Instituto de Humanidades del la Universidad del Desarrollo sobre el G20 &#8211; Radio El Conquistador"},"content":{"rendered":"<p>&#8211; Principales temas del G20: Guerra comercial entre EE.UU y China, tensi\u00f3n en Ir\u00e1n.<\/p>\n<div>\n<p>&#8211; Pr\u00f3ximas elecciones en EE.UU.<\/p>\n<p><b>Habla:<\/b>\u00a0<span class=\"highlight\">Guido<\/span>\u00a0<span class=\"highlight\">Larson<\/span>, Director del Instituto de Humanidades del la Universidad del Desarrollo.<\/p>\n<\/div>\n<div><\/div>\n<div>\n<audio class=\"wp-audio-shortcode\" id=\"audio-4630-1\" preload=\"none\" style=\"width: 100%;\" controls=\"controls\"><source type=\"audio\/mpeg\" src=\"http:\/\/conectamedia.s3.amazonaws.com\/17482a92f0066a98d91fad231d6ce392.mp3?_=1\" \/><a href=\"http:\/\/conectamedia.s3.amazonaws.com\/17482a92f0066a98d91fad231d6ce392.mp3\">http:\/\/conectamedia.s3.amazonaws.com\/17482a92f0066a98d91fad231d6ce392.mp3<\/a><\/audio>\n<\/div>\n","protected":false},"excerpt":{"rendered":"<p>&#8211; Principales temas del G20: Guerra comercial entre EE.UU y China, tensi\u00f3n en Ir\u00e1n. &#8211; Pr\u00f3ximas elecciones en EE.UU. Habla:\u00a0Guido\u00a0Larson, Director del Instituto de Humanidades del la Universidad del Desarrollo.<\/p>\n","protected":false},"author":22,"featured_media":4524,"comment_status":"open","ping_status":"open","sticky":false,"template":"","format":"standard","meta":{"footnotes":""},"categories":[10162],"tags":[],"class_list":["post-4630","post","type-post","status-publish","format-standard","has-post-thumbnail","hentry","category-centro-en-la-prensa"],"featured_image_url":"https:\/\/gobierno.udd.cl\/cpp\/files\/2019\/05\/Graficas_PoliticasPublicas-03.jpg","_links":{"self":[{"href":"https:\/\/gobierno.udd.cl\/cpp\/wp-json\/wp\/v2\/posts\/4630","targetHints":{"allow":["GET"]}}],"collection":[{"href":"https:\/\/gobierno.udd.cl\/cpp\/wp-json\/wp\/v2\/posts"}],"about":[{"href":"https:\/\/gobierno.udd.cl\/cpp\/wp-json\/wp\/v2\/types\/post"}],"author":[{"embeddable":true,"href":"https:\/\/gobierno.udd.cl\/cpp\/wp-json\/wp\/v2\/users\/22"}],"replies":[{"embeddable":true,"href":"https:\/\/gobierno.udd.cl\/cpp\/wp-json\/wp\/v2\/comments?post=4630"}],"version-history":[{"count":3,"href":"https:\/\/gobierno.udd.cl\/cpp\/wp-json\/wp\/v2\/posts\/4630\/revisions"}],"predecessor-version":[{"id":4660,"href":"https:\/\/gobierno.udd.cl\/cpp\/wp-json\/wp\/v2\/posts\/4630\/revisions\/4660"}],"wp:featuredmedia":[{"embeddable":true,"href":"https:\/\/gobierno.udd.cl\/cpp\/wp-json\/wp\/v2\/media\/4524"}],"wp:attachment":[{"href":"https:\/\/gobierno.udd.cl\/cpp\/wp-json\/wp\/v2\/media?parent=4630"}],"wp:term":[{"taxonomy":"category","embeddable":true,"href":"https:\/\/gobierno.udd.cl\/cpp\/wp-json\/wp\/v2\/categories?post=4630"},{"taxonomy":"post_tag","embeddable":true,"href":"https:\/\/gobierno.udd.cl\/cpp\/wp-json\/wp\/v2\/tags?post=4630"}],"curies":[{"name":"wp","href":"https:\/\/api.w.org\/{rel}","templated":true}]}}