{"id":4621,"date":"2019-06-26T17:09:34","date_gmt":"2019-06-26T21:09:34","guid":{"rendered":"http:\/\/gobierno.udd.cl\/cpp\/?p=4621"},"modified":"2019-07-02T13:07:45","modified_gmt":"2019-07-02T17:07:45","slug":"israel-y-palestina-reclamaron-por-traspie-en-la-gira-presidencial","status":"publish","type":"post","link":"https:\/\/gobierno.udd.cl\/cpp\/noticias\/2019\/06\/26\/israel-y-palestina-reclamaron-por-traspie-en-la-gira-presidencial\/","title":{"rendered":"Israel y Palestina reclamaron por traspi\u00e9 en la gira presidencial- La Segunda"},"content":{"rendered":"<p style=\"text-align: justify;\">En un almuerzo en la casa del mandatario israel\u00ed, Reuven Rivlin, se habr\u00eda resuelto hoy el impasse ocurrido ayer entre las autoridades locales y el gobierno chileno.<\/p>\n<p style=\"text-align: justify;\">Esto, luego de que Israel condenara que el Presidente Sebasti\u00e1n Pi\u00f1era estuviera acompa\u00f1ado del ministro para los Asuntos de Jerusal\u00e9n de la Autoridad Nacional Palestina (ANP), Fadi al-Hidmi, en su visita a Al Aqsa, en la Explanada de las Mezquitas de Jerusal\u00e9n. Ayer, a trav\u00e9s de un comunicado, el Ministerio de Asuntos Exteriores israel\u00ed inform\u00f3 que \u201cIsrael reprendi\u00f3 al embajador de Chile y a altos cargos que acompa\u00f1aban al Presidente de Chile en su visita a Israel\u201d.<\/p>\n<p style=\"text-align: justify;\">El titular de la cartera, Israel Katz, consider\u00f3 \u201cgrave\u201d la visita del Mandatario y la calific\u00f3 de \u201cinfracci\u00f3n de la soberan\u00eda israel\u00ed en el Monte del Templo\u201d, como denominan los jud\u00edos el complejo. Al inicio de la gira se acord\u00f3 que en el recorrido por la ciudad vieja no participar\u00eda ning\u00fan funcionario del gobierno israel\u00ed ni del gobierno palestino, salvo el embajador de Israel en Chile en la de la visita al Muro de los Lamentos.<\/p>\n<p style=\"text-align: justify;\">Hoy, en un escueto punto de prensa, el embajador de Chile en Israel, Rodrigo Fern\u00e1ndez, confirm\u00f3 \u201cque el acuerdo entre ambos gobiernos era que durante la visita del Presidente Pi\u00f1era a la ciudad antigua de Jerusal\u00e9n no participar\u00edan autoridades de ambos gobiernos\u201d.<\/p>\n<p style=\"text-align: justify;\">Y agreg\u00f3: \u201cQue finalmente participaran autoridades pol\u00edticas es un hecho que no era ni conocido, ni muchos menos consentido por la Canciller\u00eda chilena\u201d. En este contexto, la embajada chilena en Israel tuvo que enviar una carta oficial se\u00f1alando que la delegaci\u00f3n chilena no hab\u00eda aceptado ning\u00fan acompa\u00f1amiento formal de ninguna de las partes en la visita, la cual se defini\u00f3 como privada, ni ten\u00eda conocimiento de la presencia de funcionarios palestinos. El diputado DC, Gabriel Silber, miembro de la comunidad jud\u00eda que participa en la gira presidencial, recalc\u00f3 que a su juicio la Canciller\u00eda actu\u00f3 de buena fe y que \u201cmenos pod\u00eda el Presidente advertir quien lo acompa\u00f1ar\u00eda en la comitiva oficial.<\/p>\n<p style=\"text-align: justify;\">Este ha sido un impasse diplom\u00e1tico menor en un contexto positivo de una gira positiva para los intereses de Chile\u201d. Molestia palestina el reclamo del gobierno de Israel no fue el \u00fanico.<\/p>\n<p style=\"text-align: justify;\">Al fin de la jornada de ayer, y al cierre de un punto de prensa en el Monte de los Olivos, el Presidente invit\u00f3 a la delegaci\u00f3n a fotografiarse con Jerusal\u00e9n de fondo.<\/p>\n<p style=\"text-align: justify;\">En la instant\u00e1nea particip\u00f3 el embajador de Israel en Chile, Eldad Hayet, lo que desat\u00f3 la molestia palestina, quejas que fueron transmitidas a miembros de la comunidad en Chile, como el presidente de la DC, Fuad Chahin, y el senador RN Francisco Chahu\u00e1n, quienes contactaron al gobierno.<\/p>\n<p style=\"text-align: justify;\">En este contexto, los miembros de la delegaci\u00f3n palestina decidieron no participar en el recorrido de hoy por Israel.<\/p>\n<p style=\"text-align: justify;\">Presencia medi\u00e1tica de Pi\u00f1era m\u00e1s all\u00e1 del tema diplom\u00e1tico, los analistas volvieron a poner el foco sobre la presencia medi\u00e1tica de Pi\u00f1era, desde el pasado fin de semana, cuando apareci\u00f3 en el Ministerio de Hacienda en la firma del acuerdo con la DC, hasta ayer cuando habl\u00f3 en el Monte de los Olivos sobre los consensos para aprobar sus reformas.\u201cEsto obedece a las propias pulsiones (del Presidente).<\/p>\n<p style=\"text-align: justify;\">\u00abHay algunos que lo leen como un excesivo protagonismo. Yo creo que es su sensaci\u00f3n interna de tener que estar empujando la agenda constantemente\u201d, afirma Gonzalo M\u00fcller, columnista y acad\u00e9mico de la\u00a0<span class=\"highlight\">UDD<\/span>. \u201cDe alguna manera, el Presidente tiene que descansar en sus ministros, que est\u00e1n haciendo bien su pega. O sea, Gonzalo Blumel y Felipe Larra\u00edn alcanzaron el domingo un acuerdo que estaba contra todo pron\u00f3stico y lo lograron. Entonces, no siempre es necesaria la presencia del Presidente para darle relevancia a los temas\u201d. Para M\u00fcller \u201cen el interior del Presidente Pi\u00f1era luchan siempre dos fuerzas: una que le dice \u2018empuje, empuje&#8217;, porque \u00e9l es el gran motor del Gobierno, el que hace que las cosas pasen; por otro lado, yo creo que \u00e9l mismo tiene consciencia de que mientras m\u00e1s presente est\u00e1 en todos los temas, menos comunica y menos le produce a las personas esa sensaci\u00f3n de importancia, de que quieran saber en qu\u00e9 est\u00e1. Y mientras menos presente est\u00e1, m\u00e1s comunica\u201d.<\/p>\n<p><a href=\"https:\/\/gobierno.udd.cl\/cpp\/files\/2019\/07\/2019-06-26_impresa.lasegunda.com_EK3KN27B.jpg\"><img loading=\"lazy\" decoding=\"async\" class=\"size-medium wp-image-4622 aligncenter\" src=\"https:\/\/gobierno.udd.cl\/cpp\/files\/2019\/07\/2019-06-26_impresa.lasegunda.com_EK3KN27B-231x300.jpg\" alt=\"\" width=\"231\" height=\"300\" srcset=\"https:\/\/gobierno.udd.cl\/cpp\/files\/2019\/07\/2019-06-26_impresa.lasegunda.com_EK3KN27B-231x300.jpg 231w, https:\/\/gobierno.udd.cl\/cpp\/files\/2019\/07\/2019-06-26_impresa.lasegunda.com_EK3KN27B-768x996.jpg 768w, https:\/\/gobierno.udd.cl\/cpp\/files\/2019\/07\/2019-06-26_impresa.lasegunda.com_EK3KN27B-790x1024.jpg 790w, https:\/\/gobierno.udd.cl\/cpp\/files\/2019\/07\/2019-06-26_impresa.lasegunda.com_EK3KN27B-740x960.jpg 740w, https:\/\/gobierno.udd.cl\/cpp\/files\/2019\/07\/2019-06-26_impresa.lasegunda.com_EK3KN27B.jpg 1440w\" sizes=\"auto, (max-width: 231px) 100vw, 231px\" \/><\/a><\/p>\n","protected":false},"excerpt":{"rendered":"<p>Diputado Silber, parte de la comitiva sostuvo que \u00abHa sido un impasse menor en una gira positiva para Chile\u00bb <\/p>\n","protected":false},"author":22,"featured_media":4478,"comment_status":"open","ping_status":"open","sticky":false,"template":"","format":"standard","meta":{"footnotes":""},"categories":[10162],"tags":[],"class_list":["post-4621","post","type-post","status-publish","format-standard","has-post-thumbnail","hentry","category-centro-en-la-prensa"],"featured_image_url":"https:\/\/gobierno.udd.cl\/cpp\/files\/2019\/06\/Graficas_PoliticasPublicas-03.jpg","_links":{"self":[{"href":"https:\/\/gobierno.udd.cl\/cpp\/wp-json\/wp\/v2\/posts\/4621","targetHints":{"allow":["GET"]}}],"collection":[{"href":"https:\/\/gobierno.udd.cl\/cpp\/wp-json\/wp\/v2\/posts"}],"about":[{"href":"https:\/\/gobierno.udd.cl\/cpp\/wp-json\/wp\/v2\/types\/post"}],"author":[{"embeddable":true,"href":"https:\/\/gobierno.udd.cl\/cpp\/wp-json\/wp\/v2\/users\/22"}],"replies":[{"embeddable":true,"href":"https:\/\/gobierno.udd.cl\/cpp\/wp-json\/wp\/v2\/comments?post=4621"}],"version-history":[{"count":5,"href":"https:\/\/gobierno.udd.cl\/cpp\/wp-json\/wp\/v2\/posts\/4621\/revisions"}],"predecessor-version":[{"id":4648,"href":"https:\/\/gobierno.udd.cl\/cpp\/wp-json\/wp\/v2\/posts\/4621\/revisions\/4648"}],"wp:featuredmedia":[{"embeddable":true,"href":"https:\/\/gobierno.udd.cl\/cpp\/wp-json\/wp\/v2\/media\/4478"}],"wp:attachment":[{"href":"https:\/\/gobierno.udd.cl\/cpp\/wp-json\/wp\/v2\/media?parent=4621"}],"wp:term":[{"taxonomy":"category","embeddable":true,"href":"https:\/\/gobierno.udd.cl\/cpp\/wp-json\/wp\/v2\/categories?post=4621"},{"taxonomy":"post_tag","embeddable":true,"href":"https:\/\/gobierno.udd.cl\/cpp\/wp-json\/wp\/v2\/tags?post=4621"}],"curies":[{"name":"wp","href":"https:\/\/api.w.org\/{rel}","templated":true}]}}