{"id":4616,"date":"2019-06-27T16:31:09","date_gmt":"2019-06-27T20:31:09","guid":{"rendered":"http:\/\/gobierno.udd.cl\/cpp\/?p=4616"},"modified":"2019-07-02T13:31:02","modified_gmt":"2019-07-02T17:31:02","slug":"la-reinvencion-de-cecilia-perez-en-un-ministerio-en-peligro","status":"publish","type":"post","link":"https:\/\/gobierno.udd.cl\/cpp\/noticias\/2019\/06\/27\/la-reinvencion-de-cecilia-perez-en-un-ministerio-en-peligro\/","title":{"rendered":"La reinvenci\u00f3n de Cecilia P\u00e9rez en un ministerio en peligro &#8211; La Segunda"},"content":{"rendered":"<p style=\"text-align: justify;\">\u201cMe llamo Cecilia, Cecilia P\u00e9rez, tengo 44 a\u00f1os, hoy d\u00eda soy ministra Secretaria General de Gobierno\u201d, inici\u00f3 ayer su presentaci\u00f3n la vocera de La Moneda en un encuentro con alumnos del Liceo Br\u00edgida Walker de \u00d1u\u00f1oa, para hablar sobre la prevenci\u00f3n en el consumo de drogas. Era la tercera de cuatro actividades en terreno que ha realizado desde el cambio de gabinete del 13 de junio.<\/p>\n<p style=\"text-align: justify;\">El mi\u00e9rcoles de la semana pasada \u2014en una actividad cubierta por el Diario La Cuarta\u2014 recorri\u00f3 su antiguo barrio, la poblaci\u00f3n Juan Antonio R\u00edos. El lunes \u2014a la misma hora del partido de Chile con Uruguay\u2014 visit\u00f3 un albergue en San Miguel.<\/p>\n<p style=\"text-align: justify;\">Hoy, en tanto, realiz\u00f3 una cuarta actividad en la Casa del Dirigente, en Santiago, para anunciar la adjudicaci\u00f3n de fondos fiscales para organizaciones sociales.<\/p>\n<p style=\"text-align: justify;\">Puntos de prensa fuera de Palacio para difundir pol\u00edticas sociales, menos anuncios, m\u00e1s conversaci\u00f3n con los ciudadanos y un perfil m\u00e1s cercano, parecen ser el nuevo sello que le quiere dar a esta nueva etapa de la vocer\u00eda, que ha estado en tela de juicio por una supuesta \u201cdureza\u201d.<\/p>\n<p style=\"text-align: justify;\">Su continuidad en la Secretar\u00eda General de Gobierno hab\u00eda sido uno de los temas m\u00e1s rumoreados en la v\u00edspera de ajuste ministerial.<\/p>\n<p style=\"text-align: justify;\">Por esos d\u00edas, las cr\u00edticas contra ella circularon con m\u00e1s fuerza.\u201cLe tengo mucho cari\u00f1o a Cecilia P\u00e9rez, pero la vocer\u00eda se ha debilitado\u201d, dijo, por ejemplo, el acad\u00e9mico de la UC Roberto M\u00e9ndez, el 27 de mayo en T13 Radio. En esa misma emisora pronosticaban su cambio a Desarrollo Social.<\/p>\n<p style=\"text-align: justify;\">Otras especulaciones la daban en los ministerios del Deporte o de la Mujer. Sin embargo, a contrapelo de los rumores, la decisi\u00f3n de Pi\u00f1era fue mantener a la abogada en la vocer\u00eda. Esa tarde del 13 de junio, despu\u00e9s del cambio de gabinete, el periodista Cristi\u00e1n Bofill, nuevamente en T13 Radio, sincer\u00f3 su cr\u00edtica al ajuste de ministros, debido a que no toc\u00f3 al equipo pol\u00edtico.<\/p>\n<p style=\"text-align: justify;\">\u201cLa cara del Gobierno es la vocera y la vocera est\u00e1 desgastada\u201d, dijo Bofill. Esos an\u00e1lisis ten\u00edan alg\u00fan sustento. Seg\u00fan la encuesta Cadem, la \u00fanica que mide p\u00fablicamente a los ministros, ella ha bajado trece puntos en aprobaci\u00f3n desde marzo de 2018. No obstante, ese desgaste no ha sido acentuado.<\/p>\n<p style=\"text-align: justify;\">Seg\u00fan la Cadem de junio, entre personas que la conocen, ella tiene 54% de aprobaci\u00f3n y 41% de rechazo y tres de cada cuatro personas la conocen (76%). Este \u00faltimo dato es gravitante.<\/p>\n<p style=\"text-align: justify;\">Si se recalculan las cifras de la Cadem, considerando el total de personas entrevistadas, de cada 10 encuestados, cuatro aprueban la gesti\u00f3n de ella.<\/p>\n<p style=\"text-align: justify;\">Con esos mismos datos recalculados, P\u00e9rez pasar\u00eda a ser la ministra con la mayor cantidad de personas que aprueba su gesti\u00f3n.\u201cSi uno la mide en las encuestas, ella aparece bastante bien posicionada\u201d, dice el acad\u00e9mico de la\u00a0<span class=\"highlight\">UDD,\u00a0<\/span>Eugenio Guzm\u00e1n, quien cree que esa aprobaci\u00f3n ciudadana, m\u00e1s la confianza que le tiene el Presidente, son claves que explican por qu\u00e9 Pi\u00f1era decidi\u00f3 mantenerla.<\/p>\n<p style=\"text-align: justify;\"><strong>El costo de ser escudera<\/strong><\/p>\n<p style=\"text-align: justify;\">La dureza de sus vocer\u00edas, sin embargo, es un factor que podr\u00eda estar afectando su imagen en la \u00e9lite, en medios de comunicaci\u00f3n, entre ciudadanos con postura pol\u00edtica definida y en redes sociales.<\/p>\n<p style=\"text-align: justify;\">A juicio de la periodista Mirna Schindler, conductora en ADN Radio y La Red, P\u00e9rez es \u201cs\u00f3lida, bien informada, capaz de pasearse por todos los temas\u201d.<\/p>\n<p style=\"text-align: justify;\">Sin embargo dice, \u201cmi sensaci\u00f3n es que esa labor (de vocera) la cumpli\u00f3 mejor en el primer gobierno del Presidente Pi\u00f1era. Evaluando simplemente lo que se ve en c\u00e1mara, la sensaci\u00f3n que me produce es que, en esta segunda vocer\u00eda, ella est\u00e1 m\u00e1s enojada, que procesa mal las cr\u00edticas que se ciernen sobre el Presidente.<\/p>\n<p style=\"text-align: justify;\">En los hechos, se convirti\u00f3 en una escudera\u201d. \u201cEl modelo de vocer\u00eda creo que est\u00e1 mal enfocado, porque la ciudadan\u00eda necesita explicaciones que conecten con el malestar. Espera que la vocera se haga cargo de las cr\u00edticas.<\/p>\n<p style=\"text-align: justify;\">Ella refuta las cr\u00edticas, las considera ataques pol\u00edticos, que puede haber, pero no todo es ataque pol\u00edtico\u201d, agrega Schindler. Seg\u00fan Ram\u00f3n Cavieres, director ejecutivo de Activa Research, P\u00e9rez \u201cha asumido un costo\u201d en imagen. \u201cSe ve como una persona con una posici\u00f3n muy dura y con muy poca agenda propia en comparaci\u00f3n con otros voceros\u201d, sostiene. El ex director de la Secretar\u00eda de Comunicaciones en el segundo gobierno de Bachelet y columnista pol\u00edtico, Carlos Correa, sostiene que la \u00fanica cosa que le critica es su obsesi\u00f3n por la ex Presidenta Bachelet.<\/p>\n<p style=\"text-align: justify;\">A su juicio, P\u00e9rez es una vocera funcional a Pi\u00f1era. \u201cLa manera de medir a un vocero es si ha estado en los titulares y tengo la sensaci\u00f3n de que Cecilia P\u00e9rez, medida por ese indicador, es exitosa\u201d, dice. Correa no ve como un problema las cr\u00edticas en Twitter, por ejemplo.\u201cLas redes sociales son una burbuja, representan el 7% u 8% de la opini\u00f3n p\u00fablica\u201d.<\/p>\n<p style=\"text-align: justify;\">Pero agrega que la dificultad que hoy tiene la ministra es proteger a un Presidente \u201cmuy devaluado\u201d. Guzm\u00e1n a\u00f1ade que \u201cella cumple una funci\u00f3n: blindar al Presidente y dar explicaciones de circunstancias que, a veces, son muy dif\u00edciles de explicar\u201d.<\/p>\n<p style=\"text-align: justify;\"><strong>Ministerio achicado<\/strong><\/p>\n<p style=\"text-align: justify;\">El estilo de escudera, en todo caso, tendr\u00eda un precedente: el papel que cumpli\u00f3 el ex ministro Francisco Vidal (PPD) en los gobiernos de Lagos y, especialmente, en el primer mandato de Bachelet. Eso tambi\u00e9n le signific\u00f3 costos a Vidal, quien finalmente fue cambiado al Ministerio de Defensa en marzo de 2009.<\/p>\n<p style=\"text-align: justify;\">La gran diferencia con Vidal es que, entre 2007 e inicios de 2009, \u00e9l ten\u00eda una vistosa agenda paralela. Adem\u00e1s de pelear con la oposici\u00f3n y defender a la Presidenta, de su ministerio depend\u00eda, por ejemplo, la inauguraci\u00f3n de estadios. Hoy Cecilia P\u00e9rez solo controla exclusivamente las comunicaciones del Gobierno a trav\u00e9s de la Secretar\u00eda de Comunicaciones (Secom) y su gran desaf\u00edo es darle un nuevo aire a esa tarea.<\/p>\n<p style=\"text-align: justify;\">No obstante, los estadios y los logros deportivos hoy son parte del Ministerio del Deporte (creado en 2013), la agenda de antidiscriminaci\u00f3n es compartida con las carteras de la Mujer y Justicia y la participaci\u00f3n ciudadana \u2014si bien depende de la Divisi\u00f3n de Organizaciones Sociales de la Segegob\u2014 se reparte con otras secretar\u00edas sectoriales, como Desarrollo Social, Vivienda o Salud. Carlos Correa, incluso, recuerda que en d\u00e9cadas pasadas la gesti\u00f3n en Cultura tambi\u00e9n depend\u00eda del ministerio.<\/p>\n<p style=\"text-align: justify;\">\u201cLa Segegob ha ido perdiendo atribuciones\u201d. Casualidad o no, la reducci\u00f3n de la Segegob coincide con una idea que siempre ha tenido Pi\u00f1era y que ha estado en sus programas de 2010 y 2018: reorganizar La Moneda y eliminar la Secretar\u00eda General de Gobierno. Al Presidente le gusta el modelo de EE.UU., donde el vocero es un funcionario sin rango de ministro, que depende del jefe de gabinete del Presidente, una suerte de ministro pol\u00edtico que asesora al Mandatario en sus decisiones. A juicio del soci\u00f3logo Eugenio Tironi, quien trabaj\u00f3 en la Secretar\u00eda de Comunicaciones, hoy el cargo de ministro vocero \u201ces una funci\u00f3n obsoleta\u201d. Correa discrepa que sea un ministerio en extinci\u00f3n (menos a\u00fan mientras sea liderado por P\u00e9rez).<\/p>\n<p style=\"text-align: justify;\">\u201cM\u00e1s bien es un cargo en transformaci\u00f3n\u201d, sostiene.<\/p>\n<p style=\"text-align: justify;\"><a href=\"https:\/\/gobierno.udd.cl\/cpp\/files\/2019\/07\/2019-06-27_impresa.lasegunda.com_A13KNR56.jpg\"><img loading=\"lazy\" decoding=\"async\" class=\" wp-image-4617 aligncenter\" src=\"https:\/\/gobierno.udd.cl\/cpp\/files\/2019\/07\/2019-06-27_impresa.lasegunda.com_A13KNR56-231x300.jpg\" alt=\"\" width=\"285\" height=\"370\" srcset=\"https:\/\/gobierno.udd.cl\/cpp\/files\/2019\/07\/2019-06-27_impresa.lasegunda.com_A13KNR56-231x300.jpg 231w, https:\/\/gobierno.udd.cl\/cpp\/files\/2019\/07\/2019-06-27_impresa.lasegunda.com_A13KNR56-768x996.jpg 768w, https:\/\/gobierno.udd.cl\/cpp\/files\/2019\/07\/2019-06-27_impresa.lasegunda.com_A13KNR56-790x1024.jpg 790w, https:\/\/gobierno.udd.cl\/cpp\/files\/2019\/07\/2019-06-27_impresa.lasegunda.com_A13KNR56-740x960.jpg 740w, https:\/\/gobierno.udd.cl\/cpp\/files\/2019\/07\/2019-06-27_impresa.lasegunda.com_A13KNR56.jpg 1440w\" sizes=\"auto, (max-width: 285px) 100vw, 285px\" \/><\/a><\/p>\n","protected":false},"excerpt":{"rendered":"<p>La ministra ha sufrido un desgaste, pero no tan acentuado como se\u00f1alaban algunos analistas. Hoy se desafi\u00f3 es redise\u00f1ar la vocer\u00eda desde una cartera que ha perdido atribuciones y que Pi\u00f1era siempre ha planeado eliminar.  <\/p>\n","protected":false},"author":22,"featured_media":4524,"comment_status":"open","ping_status":"open","sticky":false,"template":"","format":"standard","meta":{"footnotes":""},"categories":[10162],"tags":[],"class_list":["post-4616","post","type-post","status-publish","format-standard","has-post-thumbnail","hentry","category-centro-en-la-prensa"],"featured_image_url":"https:\/\/gobierno.udd.cl\/cpp\/files\/2019\/05\/Graficas_PoliticasPublicas-03.jpg","_links":{"self":[{"href":"https:\/\/gobierno.udd.cl\/cpp\/wp-json\/wp\/v2\/posts\/4616","targetHints":{"allow":["GET"]}}],"collection":[{"href":"https:\/\/gobierno.udd.cl\/cpp\/wp-json\/wp\/v2\/posts"}],"about":[{"href":"https:\/\/gobierno.udd.cl\/cpp\/wp-json\/wp\/v2\/types\/post"}],"author":[{"embeddable":true,"href":"https:\/\/gobierno.udd.cl\/cpp\/wp-json\/wp\/v2\/users\/22"}],"replies":[{"embeddable":true,"href":"https:\/\/gobierno.udd.cl\/cpp\/wp-json\/wp\/v2\/comments?post=4616"}],"version-history":[{"count":5,"href":"https:\/\/gobierno.udd.cl\/cpp\/wp-json\/wp\/v2\/posts\/4616\/revisions"}],"predecessor-version":[{"id":4658,"href":"https:\/\/gobierno.udd.cl\/cpp\/wp-json\/wp\/v2\/posts\/4616\/revisions\/4658"}],"wp:featuredmedia":[{"embeddable":true,"href":"https:\/\/gobierno.udd.cl\/cpp\/wp-json\/wp\/v2\/media\/4524"}],"wp:attachment":[{"href":"https:\/\/gobierno.udd.cl\/cpp\/wp-json\/wp\/v2\/media?parent=4616"}],"wp:term":[{"taxonomy":"category","embeddable":true,"href":"https:\/\/gobierno.udd.cl\/cpp\/wp-json\/wp\/v2\/categories?post=4616"},{"taxonomy":"post_tag","embeddable":true,"href":"https:\/\/gobierno.udd.cl\/cpp\/wp-json\/wp\/v2\/tags?post=4616"}],"curies":[{"name":"wp","href":"https:\/\/api.w.org\/{rel}","templated":true}]}}