{"id":4605,"date":"2019-06-17T22:06:29","date_gmt":"2019-06-18T02:06:29","guid":{"rendered":"http:\/\/gobierno.udd.cl\/cpp\/?p=4605"},"modified":"2019-06-24T22:11:36","modified_gmt":"2019-06-25T02:11:36","slug":"yun-tso-lee-y-el-impacto-global-de-china-en-el-futuro-teletrece","status":"publish","type":"post","link":"https:\/\/gobierno.udd.cl\/cpp\/noticias\/2019\/06\/17\/yun-tso-lee-y-el-impacto-global-de-china-en-el-futuro-teletrece\/","title":{"rendered":"Yun Tso Lee y el impacto global de China en el futuro &#8211; Teletrece"},"content":{"rendered":"<p style=\"text-align: justify;\">Yun Tso Lee analiza el impacto Global de China.Su proceso a lo largo de los a\u00f1os ,los hitos m\u00e1s relevantes y su proyecci\u00f3n al futuro.<\/p>\n<p style=\"text-align: justify;\">Habla: Yun Tso Lee, Director Centro de Estudios Relaciones Internacionales Universidad del Desarrollo<\/p>\n<audio class=\"wp-audio-shortcode\" id=\"audio-4605-1\" preload=\"none\" style=\"width: 100%;\" controls=\"controls\"><source type=\"audio\/mpeg\" src=\"http:\/\/conectamedia.s3.amazonaws.com\/manual_20190618_9619893_2.mp3?_=1\" \/><a href=\"http:\/\/conectamedia.s3.amazonaws.com\/manual_20190618_9619893_2.mp3\">http:\/\/conectamedia.s3.amazonaws.com\/manual_20190618_9619893_2.mp3<\/a><\/audio>\n<p style=\"text-align: justify;\">Parte 1:<\/p>\n<audio class=\"wp-audio-shortcode\" id=\"audio-4605-2\" preload=\"none\" style=\"width: 100%;\" controls=\"controls\"><source type=\"audio\/mpeg\" src=\"http:\/\/conectamedia.s3.amazonaws.com\/manual_20190618_9619893.mp3?_=2\" \/><a href=\"http:\/\/conectamedia.s3.amazonaws.com\/manual_20190618_9619893.mp3\">http:\/\/conectamedia.s3.amazonaws.com\/manual_20190618_9619893.mp3<\/a><\/audio>\n<p style=\"text-align: justify;\">Parte 2:<\/p>\n","protected":false},"excerpt":{"rendered":"<p>Yun Tso Lee analiza el impacto Global de China.Su proceso a lo largo de los a\u00f1os ,los hitos m\u00e1s relevantes y su proyecci\u00f3n al futuro. Habla: Yun Tso Lee, Director Centro de Estudios Relaciones Internacionales Universidad del Desarrollo Parte 1: Parte 2:<\/p>\n","protected":false},"author":22,"featured_media":4524,"comment_status":"open","ping_status":"open","sticky":false,"template":"","format":"standard","meta":{"footnotes":""},"categories":[10162],"tags":[],"class_list":["post-4605","post","type-post","status-publish","format-standard","has-post-thumbnail","hentry","category-centro-en-la-prensa"],"featured_image_url":"https:\/\/gobierno.udd.cl\/cpp\/files\/2019\/05\/Graficas_PoliticasPublicas-03.jpg","_links":{"self":[{"href":"https:\/\/gobierno.udd.cl\/cpp\/wp-json\/wp\/v2\/posts\/4605","targetHints":{"allow":["GET"]}}],"collection":[{"href":"https:\/\/gobierno.udd.cl\/cpp\/wp-json\/wp\/v2\/posts"}],"about":[{"href":"https:\/\/gobierno.udd.cl\/cpp\/wp-json\/wp\/v2\/types\/post"}],"author":[{"embeddable":true,"href":"https:\/\/gobierno.udd.cl\/cpp\/wp-json\/wp\/v2\/users\/22"}],"replies":[{"embeddable":true,"href":"https:\/\/gobierno.udd.cl\/cpp\/wp-json\/wp\/v2\/comments?post=4605"}],"version-history":[{"count":1,"href":"https:\/\/gobierno.udd.cl\/cpp\/wp-json\/wp\/v2\/posts\/4605\/revisions"}],"predecessor-version":[{"id":4606,"href":"https:\/\/gobierno.udd.cl\/cpp\/wp-json\/wp\/v2\/posts\/4605\/revisions\/4606"}],"wp:featuredmedia":[{"embeddable":true,"href":"https:\/\/gobierno.udd.cl\/cpp\/wp-json\/wp\/v2\/media\/4524"}],"wp:attachment":[{"href":"https:\/\/gobierno.udd.cl\/cpp\/wp-json\/wp\/v2\/media?parent=4605"}],"wp:term":[{"taxonomy":"category","embeddable":true,"href":"https:\/\/gobierno.udd.cl\/cpp\/wp-json\/wp\/v2\/categories?post=4605"},{"taxonomy":"post_tag","embeddable":true,"href":"https:\/\/gobierno.udd.cl\/cpp\/wp-json\/wp\/v2\/tags?post=4605"}],"curies":[{"name":"wp","href":"https:\/\/api.w.org\/{rel}","templated":true}]}}