{"id":4601,"date":"2019-06-17T21:55:12","date_gmt":"2019-06-18T01:55:12","guid":{"rendered":"http:\/\/gobierno.udd.cl\/cpp\/?p=4601"},"modified":"2019-06-24T22:00:56","modified_gmt":"2019-06-25T02:00:56","slug":"por-que-no-todo-esta-perdido-para-allamand-hoy-explica-su-candidatura-a-rn-la-segunda","status":"publish","type":"post","link":"https:\/\/gobierno.udd.cl\/cpp\/noticias\/2019\/06\/17\/por-que-no-todo-esta-perdido-para-allamand-hoy-explica-su-candidatura-a-rn-la-segunda\/","title":{"rendered":"Por qu\u00e9 no todo est\u00e1 perdido para Allamand: hoy explica su candidatura a RN &#8211; La Segunda"},"content":{"rendered":"<div>\n<p style=\"text-align: justify;\">Muy pedregoso, s\u00ed; irremontable, no. As\u00ed es el camino hacia una eventual elecci\u00f3n presidencial para el senador RN Andr\u00e9s Allamand, despu\u00e9s de la \u00faltima encuesta CEP, a juicio de cuatro analistas consultados por La Segunda.<\/p>\n<p style=\"text-align: justify;\">En el ranking de evaluaci\u00f3n de personajes pol\u00edticos que fue encabezado por Joaqu\u00edn Lav\u00edn (UDI), Allamand se situ\u00f3 en el lugar 19, con una valoraci\u00f3n positiva de 22% (fue uno de los que m\u00e1s baj\u00f3, en 7 puntos); y negativa de 34%. Estudio cuyo periodo de medici\u00f3n s\u00ed consider\u00f3 sus declaraciones, del 26 de mayo, cuando reconoci\u00f3 su inter\u00e9s en la presidencial 2021.<\/p>\n<p style=\"text-align: justify;\">Con estas cifras llegar\u00e1 esta tarde a la primera de tres reuniones que program\u00f3 la mesa de RN con sus precandidatos, los tres senadores, por orden alfab\u00e9tico: la siguiente ser\u00e1 con Francisco Chahu\u00e1n, quien no fue medido; y la \u00faltima con Manuel Jos\u00e9 Ossand\u00f3n, la figura del partido mejor evaluada por el estudio, en el tercer lugar, con 37% de valoraci\u00f3n positiva y un rechazo de 25 puntos.<\/p>\n<h2 style=\"text-align: justify;\">M\u00e1s all\u00e1 de los n\u00fameros<\/h2>\n<p style=\"text-align: justify;\">\u201cLos n\u00fameros son categ\u00f3ricos. Allamand no ha despegado en las encuestas y Ossand\u00f3n tuvo una muy buena CEP. Sin embargo, tengo la impresi\u00f3n que la decisi\u00f3n de RN ser\u00e1 m\u00e1s bien pol\u00edtica que en base a encuestas, y esto beneficia a Allamand, quien tiene mucha influencia en el partido\u201d, sostiene Rodrigo Arellano , vicedecano de la Facultad de Gobierno UDD. Precisa que \u201clas primarias de Chile Vamos hoy tienen como un \u00fanico candidato real a Lav\u00edn, por eso mismo la decisi\u00f3n pasar\u00e1 mucho m\u00e1s por criterios pol\u00edticos y ah\u00ed Allamand tiene m\u00e1s ventaja\u201d.<\/p>\n<p style=\"text-align: justify;\">Para Claudio Alvarado , director del IES, \u201cAllamand la tiene muy dif\u00edcil, porque su primera barrera es lograr ser el candidato de RN a la primaria (del bloque), y es poco probable que logre ser el nominado si no marca en las encuestas. Ahora, si sortea ese obst\u00e1culo, todo puede pasar. Lav\u00edn hoy parece imbatible, pero su historial de elecciones a nivel pa\u00eds no es para nada impecable. Ya lo demostr\u00f3 Chahu\u00e1n cuando compitieron en la senatorial por la V Regi\u00f3n\u201d, dice. Por ello, considera que Allamand no tiene la pelea perdida: \u201cNo lo creo; en una primaria puede pasar cualquier cosa. Mientras m\u00e1s tiempo pase y m\u00e1s se escape Lav\u00edn, ser\u00e1 cada vez m\u00e1s dif\u00edcil alcanzarlo. Pero nadie puede cantar victoria por anticipado\u201d.<\/p>\n<h2 style=\"text-align: justify;\">Su apuesta pol\u00edtica<\/h2>\n<p style=\"text-align: justify;\">En este contexto, el analista Kenneth Bunker cree que \u201cla apuesta de Allamand en esta primera fase no es necesariamente una que se dibuja en base a los n\u00fameros de las encuestas. Creo que lo que est\u00e1 tratando de hacer es hablarles a los financistas del partido, a la \u00e9lites del partido, a las personas que tradicionalmente han apoyado a RN, incluso al centro, a los ex DC\u201d.<\/p>\n<p style=\"text-align: justify;\">Bunker agrega que \u201ctiene que eliminar de competencia a Chahu\u00e1n y a Ossand\u00f3n, a quien le fue muy bien en la CEP\u201d; y hablarle al espacio m\u00e1s tradicional y \u201cnoventero\u201d de RN. Plantea que frente a la derecha de Ossand\u00f3n, \u201cm\u00e1s social, menos de centro, menos de acuerdo\u201d, la oportunidad de Allamand est\u00e1 dada por el \u201cclima pol\u00edtico deteriorado\u201d y \u201cpresentarse como la persona que es capaz de hacer acuerdos que nadie m\u00e1s puede hacer\u201d.<\/p>\n<p style=\"text-align: justify;\">Cristi\u00e1n Valdivieso, director de Criteria Research, se\u00f1ala que el anuncio de Allamand de que ser\u00eda candidato pudo haber tenido un efecto boomerang en la CEP, porque \u201cel mensaje\u201d de ese estudio fue un \u201crechazo a los c\u00f3digos hiperpolitizados; y ponerse la chapa de candidato sin plantear un proyecto primero, te aleja de la gente\u201d. Pero, asegura que a\u00fan est\u00e1 a tiempo de remontar: \u201cTiene que decodificarse de la pol\u00edtica y recodificarse en c\u00f3digo ciudadano. Eso puede hacerlo, porque en pol\u00edtica nada es irremontable\u201d.<\/p>\n<p style=\"text-align: justify;\">Tom\u00e1s Fuentes, vicepresidente de RN y asesor de Allamand, dice que la encuesta \u201cno es ninguna derrota\u201d y que en la tendencia \u201c\u00e9l siempre ha estado bien en la CEP\u201d. S\u00ed reconoce que Allamand har\u00e1 un giro: \u201cLa gente eval\u00faa bien a los alcaldes por sus soluciones aqu\u00ed y ahora. Allamand va a seguir haciendo lo que hace en las comisiones legislativas, con su lado mateo, pero tambi\u00e9n requiere mayor presencia en temas del d\u00eda a d\u00eda de la clase media, buscando adhesi\u00f3n en la poblaci\u00f3n que no est\u00e1 politizada\u201d.<\/p>\n<p style=\"text-align: justify;\">Felipe Cisternas, secretario general de RN, explica que la idea de la reuni\u00f3n con los precandidatos es saber \u201cc\u00f3mo nos van a ayudar en las pr\u00f3ximas elecciones municipales y de gobernadores. Hoy no es el momento de la presidencial, pero han manifestado su inter\u00e9s y para ello hay que trabajar arduamente por el partido y por el gobierno\u201d. Sobre las cifras de Allamand, tambi\u00e9n dice que la encuesta \u201ces una foto del momento, falta mucho para definir las cartas presidenciables\u201d. Y apunta as\u00ed sobre la ventaja de Lav\u00edn: \u201cTal como ocurri\u00f3 antes, cuando Chahu\u00e1n le gan\u00f3, aqu\u00ed no hay cosa juzgada\u201d.<\/p>\n<p><a href=\"https:\/\/gobierno.udd.cl\/files\/2019\/06\/2019-06-17_impresa.lasegunda.com_4L3KG7LU.jpg\"><img loading=\"lazy\" decoding=\"async\" class=\"size-medium wp-image-22318 aligncenter\" src=\"https:\/\/gobierno.udd.cl\/files\/2019\/06\/2019-06-17_impresa.lasegunda.com_4L3KG7LU-231x300.jpg\" alt=\"\" width=\"231\" height=\"300\" \/><\/a><\/p>\n<\/div>\n","protected":false},"excerpt":{"rendered":"<p>Muy pedregoso, s\u00ed; irremontable, no. As\u00ed es el camino hacia una eventual elecci\u00f3n presidencial para el senador RN Andr\u00e9s Allamand, despu\u00e9s de la \u00faltima encuesta CEP, a juicio de cuatro analistas consultados por La Segunda. En el ranking de evaluaci\u00f3n de personajes pol\u00edticos que fue encabezado por Joaqu\u00edn Lav\u00edn (UDI), Allamand se situ\u00f3 en el [&hellip;]<\/p>\n","protected":false},"author":22,"featured_media":4524,"comment_status":"open","ping_status":"open","sticky":false,"template":"","format":"standard","meta":{"footnotes":""},"categories":[10162],"tags":[],"class_list":["post-4601","post","type-post","status-publish","format-standard","has-post-thumbnail","hentry","category-centro-en-la-prensa"],"featured_image_url":"https:\/\/gobierno.udd.cl\/cpp\/files\/2019\/05\/Graficas_PoliticasPublicas-03.jpg","_links":{"self":[{"href":"https:\/\/gobierno.udd.cl\/cpp\/wp-json\/wp\/v2\/posts\/4601","targetHints":{"allow":["GET"]}}],"collection":[{"href":"https:\/\/gobierno.udd.cl\/cpp\/wp-json\/wp\/v2\/posts"}],"about":[{"href":"https:\/\/gobierno.udd.cl\/cpp\/wp-json\/wp\/v2\/types\/post"}],"author":[{"embeddable":true,"href":"https:\/\/gobierno.udd.cl\/cpp\/wp-json\/wp\/v2\/users\/22"}],"replies":[{"embeddable":true,"href":"https:\/\/gobierno.udd.cl\/cpp\/wp-json\/wp\/v2\/comments?post=4601"}],"version-history":[{"count":1,"href":"https:\/\/gobierno.udd.cl\/cpp\/wp-json\/wp\/v2\/posts\/4601\/revisions"}],"predecessor-version":[{"id":4602,"href":"https:\/\/gobierno.udd.cl\/cpp\/wp-json\/wp\/v2\/posts\/4601\/revisions\/4602"}],"wp:featuredmedia":[{"embeddable":true,"href":"https:\/\/gobierno.udd.cl\/cpp\/wp-json\/wp\/v2\/media\/4524"}],"wp:attachment":[{"href":"https:\/\/gobierno.udd.cl\/cpp\/wp-json\/wp\/v2\/media?parent=4601"}],"wp:term":[{"taxonomy":"category","embeddable":true,"href":"https:\/\/gobierno.udd.cl\/cpp\/wp-json\/wp\/v2\/categories?post=4601"},{"taxonomy":"post_tag","embeddable":true,"href":"https:\/\/gobierno.udd.cl\/cpp\/wp-json\/wp\/v2\/tags?post=4601"}],"curies":[{"name":"wp","href":"https:\/\/api.w.org\/{rel}","templated":true}]}}