{"id":4592,"date":"2019-06-07T12:25:57","date_gmt":"2019-06-07T16:25:57","guid":{"rendered":"http:\/\/gobierno.udd.cl\/cpp\/?p=4592"},"modified":"2019-06-18T12:26:06","modified_gmt":"2019-06-18T16:26:06","slug":"entrevista-a-guido-larson-analista-udd-sobre-guerra-arancelaria-entre-mexico-y-eeuu-mega-plus","status":"publish","type":"post","link":"https:\/\/gobierno.udd.cl\/cpp\/noticias\/2019\/06\/07\/entrevista-a-guido-larson-analista-udd-sobre-guerra-arancelaria-entre-mexico-y-eeuu-mega-plus\/","title":{"rendered":"Entrevista a Guido Larson, analista UDD, sobre guerra arancelaria entre M\u00e9xico y EEUU &#8211; Mega Plus"},"content":{"rendered":"<p style=\"text-align: justify;\">El presidente de M\u00e9xico, Andr\u00e9s Manuel L\u00f3pez Obrador, reconoce que no ha sabido manejar bien la complicada situaci\u00f3n con Estados Unidos, en torno al caso de migrantes. Sin embargo, ahora la nueva guerra arancelaria comercial, preocupa al territorio azteca. De esto comenta el analista\u00a0<span class=\"highlight\">Guido<\/span>\u00a0<span class=\"highlight\">Larson<\/span>.<\/p>\n<p><b>Habla:<\/b><\/p>\n<div style=\"text-align: justify;\"><span class=\"highlight\">Guido<\/span>\u00a0<span class=\"highlight\">Larson<\/span>, analista internacional y acad\u00e9mico UDD<\/div>\n<div style=\"text-align: justify;\"><b>Menci\u00f3n:<\/b><\/div>\n<div style=\"text-align: justify;\">Universidad del Desarrollo<\/div>\n<div><\/div>\n<p><a href=\"https:\/\/www.youtube.com\/watch?time_continue=425&#038;v=HyG8zEKfvnE\">https:\/\/www.youtube.com\/watch?time_continue=425&amp;v=HyG8zEKfvnE<\/a><\/p>\n","protected":false},"excerpt":{"rendered":"<p>El presidente de M\u00e9xico, Andr\u00e9s Manuel L\u00f3pez Obrador, reconoce que no ha sabido manejar bien la complicada situaci\u00f3n con Estados Unidos, en torno al caso de migrantes. Sin embargo, ahora la nueva guerra arancelaria comercial, preocupa al territorio azteca. De esto comenta el analista\u00a0Guido\u00a0Larson. Habla: Guido\u00a0Larson, analista internacional y acad\u00e9mico UDD Menci\u00f3n: Universidad del Desarrollo<\/p>\n","protected":false},"author":22,"featured_media":4478,"comment_status":"open","ping_status":"open","sticky":false,"template":"","format":"standard","meta":{"footnotes":""},"categories":[10162],"tags":[],"class_list":["post-4592","post","type-post","status-publish","format-standard","has-post-thumbnail","hentry","category-centro-en-la-prensa"],"featured_image_url":"https:\/\/gobierno.udd.cl\/cpp\/files\/2019\/06\/Graficas_PoliticasPublicas-03.jpg","_links":{"self":[{"href":"https:\/\/gobierno.udd.cl\/cpp\/wp-json\/wp\/v2\/posts\/4592","targetHints":{"allow":["GET"]}}],"collection":[{"href":"https:\/\/gobierno.udd.cl\/cpp\/wp-json\/wp\/v2\/posts"}],"about":[{"href":"https:\/\/gobierno.udd.cl\/cpp\/wp-json\/wp\/v2\/types\/post"}],"author":[{"embeddable":true,"href":"https:\/\/gobierno.udd.cl\/cpp\/wp-json\/wp\/v2\/users\/22"}],"replies":[{"embeddable":true,"href":"https:\/\/gobierno.udd.cl\/cpp\/wp-json\/wp\/v2\/comments?post=4592"}],"version-history":[{"count":2,"href":"https:\/\/gobierno.udd.cl\/cpp\/wp-json\/wp\/v2\/posts\/4592\/revisions"}],"predecessor-version":[{"id":4595,"href":"https:\/\/gobierno.udd.cl\/cpp\/wp-json\/wp\/v2\/posts\/4592\/revisions\/4595"}],"wp:featuredmedia":[{"embeddable":true,"href":"https:\/\/gobierno.udd.cl\/cpp\/wp-json\/wp\/v2\/media\/4478"}],"wp:attachment":[{"href":"https:\/\/gobierno.udd.cl\/cpp\/wp-json\/wp\/v2\/media?parent=4592"}],"wp:term":[{"taxonomy":"category","embeddable":true,"href":"https:\/\/gobierno.udd.cl\/cpp\/wp-json\/wp\/v2\/categories?post=4592"},{"taxonomy":"post_tag","embeddable":true,"href":"https:\/\/gobierno.udd.cl\/cpp\/wp-json\/wp\/v2\/tags?post=4592"}],"curies":[{"name":"wp","href":"https:\/\/api.w.org\/{rel}","templated":true}]}}