{"id":4589,"date":"2019-06-12T00:19:06","date_gmt":"2019-06-12T04:19:06","guid":{"rendered":"http:\/\/gobierno.udd.cl\/cpp\/?p=4589"},"modified":"2019-06-18T00:21:14","modified_gmt":"2019-06-18T04:21:14","slug":"reforma-a-la-fiscalia-nacional-y-la-necesidad-de-reformar-la-ley-del-lobby-radio-agricultura","status":"publish","type":"post","link":"https:\/\/gobierno.udd.cl\/cpp\/noticias\/2019\/06\/12\/reforma-a-la-fiscalia-nacional-y-la-necesidad-de-reformar-la-ley-del-lobby-radio-agricultura\/","title":{"rendered":"Reforma a la Fiscal\u00eda Nacional y la necesidad de reformar la Ley del Lobby &#8211; Radio Agricultura"},"content":{"rendered":"<p style=\"text-align: justify;\">Uno de los aspectos centrales de la propuesta es restringir los contactos entre parlamentarios y fiscales, porque hoy no son del todo transparentes, considerando tambi\u00e9n cuando se mezcla la investigaci\u00f3n judicial con la comunicaci\u00f3n pol\u00edtica. Adem\u00e1s, observan los limites de la Ley del Lobby y sus pocos alcances dado que hoy es solo un registro de audiencias p\u00fablicas.<\/p>\n<p style=\"text-align: justify;\">Habla: Nicolas Freire, director observatorio politico y redes sociales de la U. Central. Pablo Valderrama, director ejecutivo de Idea Pa\u00eds. Rodrigo Arellano vicedecano de la facultad de Gobierno de la U. del Desarrollo<\/p>\n<p style=\"text-align: justify;\">Menci\u00f3n: Jorge Abbot, Fiscal Nacional.<\/p>\n<audio class=\"wp-audio-shortcode\" id=\"audio-4589-1\" preload=\"none\" style=\"width: 100%;\" controls=\"controls\"><source type=\"audio\/mpeg\" src=\"http:\/\/conectamedia.s3.amazonaws.com\/3ecd48ec7b0520f21990bb76be0fee03.mp3?_=1\" \/><a href=\"http:\/\/conectamedia.s3.amazonaws.com\/3ecd48ec7b0520f21990bb76be0fee03.mp3\">http:\/\/conectamedia.s3.amazonaws.com\/3ecd48ec7b0520f21990bb76be0fee03.mp3<\/a><\/audio>\n","protected":false},"excerpt":{"rendered":"<p>Uno de los aspectos centrales de la propuesta es restringir los contactos entre parlamentarios y fiscales, porque hoy no son del todo transparentes, considerando tambi\u00e9n cuando se mezcla la investigaci\u00f3n judicial con la comunicaci\u00f3n pol\u00edtica. Adem\u00e1s, observan los limites de la Ley del Lobby y sus pocos alcances dado que hoy es solo un registro [&hellip;]<\/p>\n","protected":false},"author":22,"featured_media":4524,"comment_status":"open","ping_status":"open","sticky":false,"template":"","format":"standard","meta":{"footnotes":""},"categories":[10162],"tags":[],"class_list":["post-4589","post","type-post","status-publish","format-standard","has-post-thumbnail","hentry","category-centro-en-la-prensa"],"featured_image_url":"https:\/\/gobierno.udd.cl\/cpp\/files\/2019\/05\/Graficas_PoliticasPublicas-03.jpg","_links":{"self":[{"href":"https:\/\/gobierno.udd.cl\/cpp\/wp-json\/wp\/v2\/posts\/4589","targetHints":{"allow":["GET"]}}],"collection":[{"href":"https:\/\/gobierno.udd.cl\/cpp\/wp-json\/wp\/v2\/posts"}],"about":[{"href":"https:\/\/gobierno.udd.cl\/cpp\/wp-json\/wp\/v2\/types\/post"}],"author":[{"embeddable":true,"href":"https:\/\/gobierno.udd.cl\/cpp\/wp-json\/wp\/v2\/users\/22"}],"replies":[{"embeddable":true,"href":"https:\/\/gobierno.udd.cl\/cpp\/wp-json\/wp\/v2\/comments?post=4589"}],"version-history":[{"count":1,"href":"https:\/\/gobierno.udd.cl\/cpp\/wp-json\/wp\/v2\/posts\/4589\/revisions"}],"predecessor-version":[{"id":4590,"href":"https:\/\/gobierno.udd.cl\/cpp\/wp-json\/wp\/v2\/posts\/4589\/revisions\/4590"}],"wp:featuredmedia":[{"embeddable":true,"href":"https:\/\/gobierno.udd.cl\/cpp\/wp-json\/wp\/v2\/media\/4524"}],"wp:attachment":[{"href":"https:\/\/gobierno.udd.cl\/cpp\/wp-json\/wp\/v2\/media?parent=4589"}],"wp:term":[{"taxonomy":"category","embeddable":true,"href":"https:\/\/gobierno.udd.cl\/cpp\/wp-json\/wp\/v2\/categories?post=4589"},{"taxonomy":"post_tag","embeddable":true,"href":"https:\/\/gobierno.udd.cl\/cpp\/wp-json\/wp\/v2\/tags?post=4589"}],"curies":[{"name":"wp","href":"https:\/\/api.w.org\/{rel}","templated":true}]}}