{"id":4587,"date":"2019-06-12T00:16:44","date_gmt":"2019-06-12T04:16:44","guid":{"rendered":"http:\/\/gobierno.udd.cl\/cpp\/?p=4587"},"modified":"2019-06-18T00:18:52","modified_gmt":"2019-06-18T04:18:52","slug":"el-contraste-de-joaquin-lavin-y-jose-antonio-kast-radio-agricultura","status":"publish","type":"post","link":"https:\/\/gobierno.udd.cl\/cpp\/noticias\/2019\/06\/12\/el-contraste-de-joaquin-lavin-y-jose-antonio-kast-radio-agricultura\/","title":{"rendered":"El contraste de Joaquin Lav\u00edn y Jos\u00e9 Antonio Kast &#8211; Radio Agricultura"},"content":{"rendered":"<p style=\"text-align: justify;\">El discurso de Lavin, la figura de derecha mejor posicionada, incluye iniciativas propias de la izquierda, por lo cual, no pueden afirmar cual ser\u00eda su identidad y contenido pol\u00edtico. Adem\u00e1s comentan el acuerdo de RN y la DC en cuanto al acuerdo de la reducci\u00f3n del numero de parlamentarios.<\/p>\n<p style=\"text-align: justify;\">Habla: Nicolas Freire, director observatorio pol\u00edtico y redes sociales de la U. Central. Pablo Valderrama, director ejecutivo de Idea Pa\u00eds. Rodrigo Arellano vicedecano de la facultad de Gobierno de la U. del Desarrollo<\/p>\n<p style=\"text-align: justify;\">Menci\u00f3n: Jacqueline Van Rysselberghe, Jaime Bellolio. Carlos Larra\u00edn. Ignacio Walker.<\/p>\n<audio class=\"wp-audio-shortcode\" id=\"audio-4587-1\" preload=\"none\" style=\"width: 100%;\" controls=\"controls\"><source type=\"audio\/mpeg\" src=\"http:\/\/conectamedia.s3.amazonaws.com\/7bdaa18e00e8da8c3a0fdea8479567fe.mp3?_=1\" \/><a href=\"http:\/\/conectamedia.s3.amazonaws.com\/7bdaa18e00e8da8c3a0fdea8479567fe.mp3\">http:\/\/conectamedia.s3.amazonaws.com\/7bdaa18e00e8da8c3a0fdea8479567fe.mp3<\/a><\/audio>\n","protected":false},"excerpt":{"rendered":"<p>El discurso de Lavin, la figura de derecha mejor posicionada, incluye iniciativas propias de la izquierda, por lo cual, no pueden afirmar cual ser\u00eda su identidad y contenido pol\u00edtico. Adem\u00e1s comentan el acuerdo de RN y la DC en cuanto al acuerdo de la reducci\u00f3n del numero de parlamentarios. Habla: Nicolas Freire, director observatorio pol\u00edtico [&hellip;]<\/p>\n","protected":false},"author":22,"featured_media":4524,"comment_status":"open","ping_status":"open","sticky":false,"template":"","format":"standard","meta":{"footnotes":""},"categories":[10162],"tags":[],"class_list":["post-4587","post","type-post","status-publish","format-standard","has-post-thumbnail","hentry","category-centro-en-la-prensa"],"featured_image_url":"https:\/\/gobierno.udd.cl\/cpp\/files\/2019\/05\/Graficas_PoliticasPublicas-03.jpg","_links":{"self":[{"href":"https:\/\/gobierno.udd.cl\/cpp\/wp-json\/wp\/v2\/posts\/4587","targetHints":{"allow":["GET"]}}],"collection":[{"href":"https:\/\/gobierno.udd.cl\/cpp\/wp-json\/wp\/v2\/posts"}],"about":[{"href":"https:\/\/gobierno.udd.cl\/cpp\/wp-json\/wp\/v2\/types\/post"}],"author":[{"embeddable":true,"href":"https:\/\/gobierno.udd.cl\/cpp\/wp-json\/wp\/v2\/users\/22"}],"replies":[{"embeddable":true,"href":"https:\/\/gobierno.udd.cl\/cpp\/wp-json\/wp\/v2\/comments?post=4587"}],"version-history":[{"count":1,"href":"https:\/\/gobierno.udd.cl\/cpp\/wp-json\/wp\/v2\/posts\/4587\/revisions"}],"predecessor-version":[{"id":4588,"href":"https:\/\/gobierno.udd.cl\/cpp\/wp-json\/wp\/v2\/posts\/4587\/revisions\/4588"}],"wp:featuredmedia":[{"embeddable":true,"href":"https:\/\/gobierno.udd.cl\/cpp\/wp-json\/wp\/v2\/media\/4524"}],"wp:attachment":[{"href":"https:\/\/gobierno.udd.cl\/cpp\/wp-json\/wp\/v2\/media?parent=4587"}],"wp:term":[{"taxonomy":"category","embeddable":true,"href":"https:\/\/gobierno.udd.cl\/cpp\/wp-json\/wp\/v2\/categories?post=4587"},{"taxonomy":"post_tag","embeddable":true,"href":"https:\/\/gobierno.udd.cl\/cpp\/wp-json\/wp\/v2\/tags?post=4587"}],"curies":[{"name":"wp","href":"https:\/\/api.w.org\/{rel}","templated":true}]}}