{"id":4583,"date":"2019-06-15T00:13:10","date_gmt":"2019-06-15T04:13:10","guid":{"rendered":"http:\/\/gobierno.udd.cl\/cpp\/?p=4583"},"modified":"2019-06-18T00:15:17","modified_gmt":"2019-06-18T04:15:17","slug":"gobierno-defiende-regreso-de-tres-ministros-al-gabinete-adn-radio","status":"publish","type":"post","link":"https:\/\/gobierno.udd.cl\/cpp\/noticias\/2019\/06\/15\/gobierno-defiende-regreso-de-tres-ministros-al-gabinete-adn-radio\/","title":{"rendered":"Gobierno defiende regreso de tres ministros al gabinete &#8211; ADN Radio"},"content":{"rendered":"<p style=\"text-align: justify;\">&#8216;Experiencia y juventud&#8217; es una frase de la vocera de Gobierno, Cecilia P\u00e9rez, para defender el regreso de tres hombres al gabinete del presidente Pi\u00f1era. Se trata de Jaime Ma\u00f1alich en la cartera de Salud, Juan Carlos Jobet en Energ\u00eda, y Teodoro Ribera en Relaciones Exteriores.<\/p>\n<p style=\"text-align: justify;\">Habla:\u00a0Catalina P\u00e9rez, diputada y preidente RD; Cecilia P\u00e9rez, ministra vocera de Gobierno; Mauricio Morales, director Centro An\u00e1lisis Pol\u00edtico Universidad de Talca; Gonzalo M\u00fcller, Director de Centro de Pol\u00edticas P\u00fablicas de Universidad del Desarrollo<\/p>\n<p style=\"text-align: justify;\">Menci\u00f3n:\u00a0Susana Jim\u00e9nez, Roberto Ampuero, Emilio Santelices<\/p>\n<p>&nbsp;<\/p>\n<audio class=\"wp-audio-shortcode\" id=\"audio-4583-1\" preload=\"none\" style=\"width: 100%;\" controls=\"controls\"><source type=\"audio\/mpeg\" src=\"http:\/\/conectamedia.s3.amazonaws.com\/7914d2bdefab6556adad2f7ff4470e49.mp3?_=1\" \/><a href=\"http:\/\/conectamedia.s3.amazonaws.com\/7914d2bdefab6556adad2f7ff4470e49.mp3\">http:\/\/conectamedia.s3.amazonaws.com\/7914d2bdefab6556adad2f7ff4470e49.mp3<\/a><\/audio>\n","protected":false},"excerpt":{"rendered":"<p>&#8216;Experiencia y juventud&#8217; es una frase de la vocera de Gobierno, Cecilia P\u00e9rez, para defender el regreso de tres hombres al gabinete del presidente Pi\u00f1era. Se trata de Jaime Ma\u00f1alich en la cartera de Salud, Juan Carlos Jobet en Energ\u00eda, y Teodoro Ribera en Relaciones Exteriores. Habla:\u00a0Catalina P\u00e9rez, diputada y preidente RD; Cecilia P\u00e9rez, ministra [&hellip;]<\/p>\n","protected":false},"author":22,"featured_media":4524,"comment_status":"open","ping_status":"open","sticky":false,"template":"","format":"standard","meta":{"footnotes":""},"categories":[10162],"tags":[],"class_list":["post-4583","post","type-post","status-publish","format-standard","has-post-thumbnail","hentry","category-centro-en-la-prensa"],"featured_image_url":"https:\/\/gobierno.udd.cl\/cpp\/files\/2019\/05\/Graficas_PoliticasPublicas-03.jpg","_links":{"self":[{"href":"https:\/\/gobierno.udd.cl\/cpp\/wp-json\/wp\/v2\/posts\/4583","targetHints":{"allow":["GET"]}}],"collection":[{"href":"https:\/\/gobierno.udd.cl\/cpp\/wp-json\/wp\/v2\/posts"}],"about":[{"href":"https:\/\/gobierno.udd.cl\/cpp\/wp-json\/wp\/v2\/types\/post"}],"author":[{"embeddable":true,"href":"https:\/\/gobierno.udd.cl\/cpp\/wp-json\/wp\/v2\/users\/22"}],"replies":[{"embeddable":true,"href":"https:\/\/gobierno.udd.cl\/cpp\/wp-json\/wp\/v2\/comments?post=4583"}],"version-history":[{"count":1,"href":"https:\/\/gobierno.udd.cl\/cpp\/wp-json\/wp\/v2\/posts\/4583\/revisions"}],"predecessor-version":[{"id":4584,"href":"https:\/\/gobierno.udd.cl\/cpp\/wp-json\/wp\/v2\/posts\/4583\/revisions\/4584"}],"wp:featuredmedia":[{"embeddable":true,"href":"https:\/\/gobierno.udd.cl\/cpp\/wp-json\/wp\/v2\/media\/4524"}],"wp:attachment":[{"href":"https:\/\/gobierno.udd.cl\/cpp\/wp-json\/wp\/v2\/media?parent=4583"}],"wp:term":[{"taxonomy":"category","embeddable":true,"href":"https:\/\/gobierno.udd.cl\/cpp\/wp-json\/wp\/v2\/categories?post=4583"},{"taxonomy":"post_tag","embeddable":true,"href":"https:\/\/gobierno.udd.cl\/cpp\/wp-json\/wp\/v2\/tags?post=4583"}],"curies":[{"name":"wp","href":"https:\/\/api.w.org\/{rel}","templated":true}]}}