{"id":4581,"date":"2019-06-13T00:11:13","date_gmt":"2019-06-13T04:11:13","guid":{"rendered":"http:\/\/gobierno.udd.cl\/cpp\/?p=4581"},"modified":"2019-06-18T00:11:42","modified_gmt":"2019-06-18T04:11:42","slug":"entrevista-a-rodrigo-arellano-facultad-gobierno-udd-sobre-cambio-de-gabinete-24-horas","status":"publish","type":"post","link":"https:\/\/gobierno.udd.cl\/cpp\/noticias\/2019\/06\/13\/entrevista-a-rodrigo-arellano-facultad-gobierno-udd-sobre-cambio-de-gabinete-24-horas\/","title":{"rendered":"Entrevista a Rodrigo Arellano, Facultad Gobierno UDD sobre cambio de gabinete &#8211; 24 Horas"},"content":{"rendered":"<p style=\"text-align: justify;\">Entrevistado habla sobre el cambio de gabinete del presidente Pi\u00f1era y la \u00faltima encuesta CEP.<\/p>\n<p style=\"text-align: justify;\">Habla: Rodrigo Arellano, Vicedecano Facultad de Gobierno Universidad del Desarrollo<\/p>\n<p style=\"text-align: justify;\">Menci\u00f3n: Evelyn Matthei<\/p>\n<p>&nbsp;<\/p>\n<div style=\"width: 640px;\" class=\"wp-video\"><video class=\"wp-video-shortcode\" id=\"video-4581-1\" width=\"640\" height=\"360\" preload=\"metadata\" controls=\"controls\"><source type=\"video\/mp4\" src=\"http:\/\/conectamedia.s3.amazonaws.com\/07126f73b41113ee9639d4ae0c251e43.mp4?_=1\" \/><a href=\"http:\/\/conectamedia.s3.amazonaws.com\/07126f73b41113ee9639d4ae0c251e43.mp4\">http:\/\/conectamedia.s3.amazonaws.com\/07126f73b41113ee9639d4ae0c251e43.mp4<\/a><\/video><\/div>\n<p>Parte 1<\/p>\n<p>&nbsp;<\/p>\n<div style=\"width: 640px;\" class=\"wp-video\"><video class=\"wp-video-shortcode\" id=\"video-4581-2\" width=\"640\" height=\"360\" preload=\"metadata\" controls=\"controls\"><source type=\"video\/mp4\" src=\"http:\/\/conectamedia.s3.amazonaws.com\/10a933ba4dae7e57541d01e69adf5ed7.mp4?_=2\" \/><a href=\"http:\/\/conectamedia.s3.amazonaws.com\/10a933ba4dae7e57541d01e69adf5ed7.mp4\">http:\/\/conectamedia.s3.amazonaws.com\/10a933ba4dae7e57541d01e69adf5ed7.mp4<\/a><\/video><\/div>\n<p>Parte 2<\/p>\n","protected":false},"excerpt":{"rendered":"<p>Entrevistado habla sobre el cambio de gabinete del presidente Pi\u00f1era y la \u00faltima encuesta CEP. Habla: Rodrigo Arellano, Vicedecano Facultad de Gobierno Universidad del Desarrollo Menci\u00f3n: Evelyn Matthei &nbsp; Parte 1 &nbsp; Parte 2<\/p>\n","protected":false},"author":22,"featured_media":4524,"comment_status":"open","ping_status":"open","sticky":false,"template":"","format":"standard","meta":{"footnotes":""},"categories":[10162],"tags":[],"class_list":["post-4581","post","type-post","status-publish","format-standard","has-post-thumbnail","hentry","category-centro-en-la-prensa"],"featured_image_url":"https:\/\/gobierno.udd.cl\/cpp\/files\/2019\/05\/Graficas_PoliticasPublicas-03.jpg","_links":{"self":[{"href":"https:\/\/gobierno.udd.cl\/cpp\/wp-json\/wp\/v2\/posts\/4581","targetHints":{"allow":["GET"]}}],"collection":[{"href":"https:\/\/gobierno.udd.cl\/cpp\/wp-json\/wp\/v2\/posts"}],"about":[{"href":"https:\/\/gobierno.udd.cl\/cpp\/wp-json\/wp\/v2\/types\/post"}],"author":[{"embeddable":true,"href":"https:\/\/gobierno.udd.cl\/cpp\/wp-json\/wp\/v2\/users\/22"}],"replies":[{"embeddable":true,"href":"https:\/\/gobierno.udd.cl\/cpp\/wp-json\/wp\/v2\/comments?post=4581"}],"version-history":[{"count":1,"href":"https:\/\/gobierno.udd.cl\/cpp\/wp-json\/wp\/v2\/posts\/4581\/revisions"}],"predecessor-version":[{"id":4582,"href":"https:\/\/gobierno.udd.cl\/cpp\/wp-json\/wp\/v2\/posts\/4581\/revisions\/4582"}],"wp:featuredmedia":[{"embeddable":true,"href":"https:\/\/gobierno.udd.cl\/cpp\/wp-json\/wp\/v2\/media\/4524"}],"wp:attachment":[{"href":"https:\/\/gobierno.udd.cl\/cpp\/wp-json\/wp\/v2\/media?parent=4581"}],"wp:term":[{"taxonomy":"category","embeddable":true,"href":"https:\/\/gobierno.udd.cl\/cpp\/wp-json\/wp\/v2\/categories?post=4581"},{"taxonomy":"post_tag","embeddable":true,"href":"https:\/\/gobierno.udd.cl\/cpp\/wp-json\/wp\/v2\/tags?post=4581"}],"curies":[{"name":"wp","href":"https:\/\/api.w.org\/{rel}","templated":true}]}}