{"id":4579,"date":"2019-06-13T00:08:15","date_gmt":"2019-06-13T04:08:15","guid":{"rendered":"http:\/\/gobierno.udd.cl\/cpp\/?p=4579"},"modified":"2019-06-18T00:08:57","modified_gmt":"2019-06-18T04:08:57","slug":"gonzalo-muller-de-la-udd-y-mario-herrera-de-la-universidad-de-talca-comentan-el-cambio-de-gabinete-realizado-este-jueves-por-el-presidente-pinera-24-horas","status":"publish","type":"post","link":"https:\/\/gobierno.udd.cl\/cpp\/noticias\/2019\/06\/13\/gonzalo-muller-de-la-udd-y-mario-herrera-de-la-universidad-de-talca-comentan-el-cambio-de-gabinete-realizado-este-jueves-por-el-presidente-pinera-24-horas\/","title":{"rendered":"Gonzalo M\u00fcller de la UDD y Mario Herrera de la Universidad de Talca comentan el cambio de Gabinete realizado este jueves por el Presidente Pi\u00f1era &#8211; 24 Horas"},"content":{"rendered":"<p style=\"text-align: justify;\">Gonzalo M\u00fcller Director de Pol\u00edticas P\u00fablicas de la Universidad del Desarrollo y Mario Herrera Director de la Escuela de Ciencias Pol\u00edticas y Administraci\u00f3n P\u00fablica de la Universidad de Talca, comentan sobre el segundo cambio de Gabinete en el Gobierno de Sebasti\u00e1n Pi\u00f1era.<\/p>\n<p style=\"text-align: justify;\">Habla: Gonzalo M\u00fcller Director de Pol\u00edticas P\u00fablicas de la Universidad del Desarrollo y Mario Herrera Director de la Escuela de Ciencias Pol\u00edticas y Administraci\u00f3n P\u00fablica de la Universidad de Talca.<\/p>\n<p style=\"text-align: justify;\">Menci\u00f3n:\u00a0Universidad del Desarrollo, Ministerio de Desarrollo Social, Ministerio de Obras P\u00fablicas, Joaqu\u00edn Lav\u00edn Alcalde de Las Condes, Evelyn Matthei Alcaldesa de Providencia.<\/p>\n<div style=\"width: 640px;\" class=\"wp-video\"><video class=\"wp-video-shortcode\" id=\"video-4579-1\" width=\"640\" height=\"360\" preload=\"metadata\" controls=\"controls\"><source type=\"video\/mp4\" src=\"http:\/\/conectamedia.s3.amazonaws.com\/ce87a0046bea984bd92e0dddb001f3c3.mp4?_=1\" \/><a href=\"http:\/\/conectamedia.s3.amazonaws.com\/ce87a0046bea984bd92e0dddb001f3c3.mp4\">http:\/\/conectamedia.s3.amazonaws.com\/ce87a0046bea984bd92e0dddb001f3c3.mp4<\/a><\/video><\/div>\n","protected":false},"excerpt":{"rendered":"<p>Gonzalo M\u00fcller Director de Pol\u00edticas P\u00fablicas de la Universidad del Desarrollo y Mario Herrera Director de la Escuela de Ciencias Pol\u00edticas y Administraci\u00f3n P\u00fablica de la Universidad de Talca, comentan sobre el segundo cambio de Gabinete en el Gobierno de Sebasti\u00e1n Pi\u00f1era. Habla: Gonzalo M\u00fcller Director de Pol\u00edticas P\u00fablicas de la Universidad del Desarrollo y [&hellip;]<\/p>\n","protected":false},"author":22,"featured_media":4524,"comment_status":"open","ping_status":"open","sticky":false,"template":"","format":"standard","meta":{"footnotes":""},"categories":[10162],"tags":[],"class_list":["post-4579","post","type-post","status-publish","format-standard","has-post-thumbnail","hentry","category-centro-en-la-prensa"],"featured_image_url":"https:\/\/gobierno.udd.cl\/cpp\/files\/2019\/05\/Graficas_PoliticasPublicas-03.jpg","_links":{"self":[{"href":"https:\/\/gobierno.udd.cl\/cpp\/wp-json\/wp\/v2\/posts\/4579","targetHints":{"allow":["GET"]}}],"collection":[{"href":"https:\/\/gobierno.udd.cl\/cpp\/wp-json\/wp\/v2\/posts"}],"about":[{"href":"https:\/\/gobierno.udd.cl\/cpp\/wp-json\/wp\/v2\/types\/post"}],"author":[{"embeddable":true,"href":"https:\/\/gobierno.udd.cl\/cpp\/wp-json\/wp\/v2\/users\/22"}],"replies":[{"embeddable":true,"href":"https:\/\/gobierno.udd.cl\/cpp\/wp-json\/wp\/v2\/comments?post=4579"}],"version-history":[{"count":1,"href":"https:\/\/gobierno.udd.cl\/cpp\/wp-json\/wp\/v2\/posts\/4579\/revisions"}],"predecessor-version":[{"id":4580,"href":"https:\/\/gobierno.udd.cl\/cpp\/wp-json\/wp\/v2\/posts\/4579\/revisions\/4580"}],"wp:featuredmedia":[{"embeddable":true,"href":"https:\/\/gobierno.udd.cl\/cpp\/wp-json\/wp\/v2\/media\/4524"}],"wp:attachment":[{"href":"https:\/\/gobierno.udd.cl\/cpp\/wp-json\/wp\/v2\/media?parent=4579"}],"wp:term":[{"taxonomy":"category","embeddable":true,"href":"https:\/\/gobierno.udd.cl\/cpp\/wp-json\/wp\/v2\/categories?post=4579"},{"taxonomy":"post_tag","embeddable":true,"href":"https:\/\/gobierno.udd.cl\/cpp\/wp-json\/wp\/v2\/tags?post=4579"}],"curies":[{"name":"wp","href":"https:\/\/api.w.org\/{rel}","templated":true}]}}