{"id":4576,"date":"2019-06-15T00:06:24","date_gmt":"2019-06-15T04:06:24","guid":{"rendered":"http:\/\/gobierno.udd.cl\/cpp\/?p=4576"},"modified":"2019-06-18T00:07:39","modified_gmt":"2019-06-18T04:07:39","slug":"chernobyl-a-33-anos-del-peor-desastre-nuclear-chv","status":"publish","type":"post","link":"https:\/\/gobierno.udd.cl\/cpp\/noticias\/2019\/06\/15\/chernobyl-a-33-anos-del-peor-desastre-nuclear-chv\/","title":{"rendered":"Chernobyl a 33 a\u00f1os del peor desastre nuclear &#8211; CHV"},"content":{"rendered":"<p style=\"text-align: justify;\">La tragedia que cambio a la Uni\u00f3n Sovi\u00e9tica.<\/p>\n<p style=\"text-align: justify;\">Habla: Guido Larson, Director instituto de Humanidades UDD; Beatriz S\u00e1nchez, Docente facultad de F\u00edsica Universidad Catolica; Eugenio Vargas, Jefe del Departamento de Reactores de la Reina.<\/p>\n<p style=\"text-align: justify;\">Menci\u00f3n: Turistas.<\/p>\n<div style=\"width: 640px;\" class=\"wp-video\"><video class=\"wp-video-shortcode\" id=\"video-4576-1\" width=\"640\" height=\"360\" preload=\"metadata\" controls=\"controls\"><source type=\"video\/mp4\" src=\"http:\/\/conectamedia.s3.amazonaws.com\/e34c332bd0b61b37f90a78897c02c973.mp4?_=1\" \/><a href=\"http:\/\/conectamedia.s3.amazonaws.com\/e34c332bd0b61b37f90a78897c02c973.mp4\">http:\/\/conectamedia.s3.amazonaws.com\/e34c332bd0b61b37f90a78897c02c973.mp4<\/a><\/video><\/div>\n","protected":false},"excerpt":{"rendered":"<p>La tragedia que cambio a la Uni\u00f3n Sovi\u00e9tica. Habla: Guido Larson, Director instituto de Humanidades UDD; Beatriz S\u00e1nchez, Docente facultad de F\u00edsica Universidad Catolica; Eugenio Vargas, Jefe del Departamento de Reactores de la Reina. Menci\u00f3n: Turistas.<\/p>\n","protected":false},"author":22,"featured_media":4524,"comment_status":"open","ping_status":"open","sticky":false,"template":"","format":"standard","meta":{"footnotes":""},"categories":[10162],"tags":[],"class_list":["post-4576","post","type-post","status-publish","format-standard","has-post-thumbnail","hentry","category-centro-en-la-prensa"],"featured_image_url":"https:\/\/gobierno.udd.cl\/cpp\/files\/2019\/05\/Graficas_PoliticasPublicas-03.jpg","_links":{"self":[{"href":"https:\/\/gobierno.udd.cl\/cpp\/wp-json\/wp\/v2\/posts\/4576","targetHints":{"allow":["GET"]}}],"collection":[{"href":"https:\/\/gobierno.udd.cl\/cpp\/wp-json\/wp\/v2\/posts"}],"about":[{"href":"https:\/\/gobierno.udd.cl\/cpp\/wp-json\/wp\/v2\/types\/post"}],"author":[{"embeddable":true,"href":"https:\/\/gobierno.udd.cl\/cpp\/wp-json\/wp\/v2\/users\/22"}],"replies":[{"embeddable":true,"href":"https:\/\/gobierno.udd.cl\/cpp\/wp-json\/wp\/v2\/comments?post=4576"}],"version-history":[{"count":2,"href":"https:\/\/gobierno.udd.cl\/cpp\/wp-json\/wp\/v2\/posts\/4576\/revisions"}],"predecessor-version":[{"id":4578,"href":"https:\/\/gobierno.udd.cl\/cpp\/wp-json\/wp\/v2\/posts\/4576\/revisions\/4578"}],"wp:featuredmedia":[{"embeddable":true,"href":"https:\/\/gobierno.udd.cl\/cpp\/wp-json\/wp\/v2\/media\/4524"}],"wp:attachment":[{"href":"https:\/\/gobierno.udd.cl\/cpp\/wp-json\/wp\/v2\/media?parent=4576"}],"wp:term":[{"taxonomy":"category","embeddable":true,"href":"https:\/\/gobierno.udd.cl\/cpp\/wp-json\/wp\/v2\/categories?post=4576"},{"taxonomy":"post_tag","embeddable":true,"href":"https:\/\/gobierno.udd.cl\/cpp\/wp-json\/wp\/v2\/tags?post=4576"}],"curies":[{"name":"wp","href":"https:\/\/api.w.org\/{rel}","templated":true}]}}