{"id":4574,"date":"2019-06-11T00:03:23","date_gmt":"2019-06-11T04:03:23","guid":{"rendered":"http:\/\/gobierno.udd.cl\/cpp\/?p=4574"},"modified":"2019-06-18T00:06:07","modified_gmt":"2019-06-18T04:06:07","slug":"apuestas-radiales-de-hoy-blumel-a-voceria-perez-a-desarrollo-social-y-larrain-a-rr-ee-la-segunda","status":"publish","type":"post","link":"https:\/\/gobierno.udd.cl\/cpp\/noticias\/2019\/06\/11\/apuestas-radiales-de-hoy-blumel-a-voceria-perez-a-desarrollo-social-y-larrain-a-rr-ee-la-segunda\/","title":{"rendered":"Apuestas radiales de hoy: Blumel a vocer\u00eda, P\u00e9rez a Desarrollo Social y Larra\u00edn a RR.EE. &#8211; La Segunda"},"content":{"rendered":"<p style=\"text-align: justify;\">El cambio de gabinete era el principal tema de conversaci\u00f3n en las radios.En el programa Mesa Central de T13 Radio, conducido por Iv\u00e1n Valenzuela, el periodista Enrique \u201cKike\u201d Mujica revel\u00f3 que entre los ministros hab\u00eda incertidumbre (ver nota central), mientras que el columnista Francisco Jos\u00e9 Covarrubias se\u00f1al\u00f3 que se habla de varios enroques; entre ellos, Gonzalo Blumel, actual ministro Secretario General de la Presidencia, que asumir\u00eda como vocero y el titular del Hacienda, Felipe Larra\u00edn, que pasar\u00eda a Canciller\u00eda.A cargo de las finanzas, en tanto, seg\u00fan Covarrubias, quedar\u00eda Juan Andr\u00e9s Fontaine, actual ministro de OO.PP.\u201cSebasti\u00e1n Claro tambi\u00e9n es un buen nombre (para Hacienda)\u201d, agreg\u00f3 Mujica, quien tambi\u00e9n record\u00f3 que el domingo el periodista Cristi\u00e1n Bofill hab\u00eda dicho que una mujer tomar\u00eda la conducci\u00f3n del Ministerio de Desarrollo Social, \u201cSer\u00eda Cecilia P\u00e9rez, ahora \u00bfqu\u00e9 pasar\u00eda con (Alfredo) Moreno? Moreno pasar\u00eda a Obras P\u00fablicas\u201d.En el panel de Radio Cooperativa, el exdiputado PS Osvaldo Andrade plante\u00f3 que el problema del Gobierno no se resolver\u00eda con un ajuste y sostuvo que el tema de fondo es la personalidad del Presidente.<\/p>\n<p style=\"text-align: justify;\">\u201cDa lo mismo, el gabinete es Pi\u00f1era (\u2026) Los ministros est\u00e1n para dar explicaciones, no son parte de la gesti\u00f3n\u201d.El acad\u00e9mico de la UDD Eugenio Guzm\u00e1n tambi\u00e9n coincidi\u00f3 que ser\u00eda inoficioso un cambio, pero por otras razones.<\/p>\n<p style=\"text-align: justify;\">Plante\u00f3 que el impacto pol\u00edtico s\u00f3lo ser\u00eda un \u201crespiro\u201d y \u201cpoco eficiente\u201d, adem\u00e1s que generar\u00eda un ruido entre los partidos de gobierno.\u201c\u00bfY si nombra puros Chadwick?\u201d, intent\u00f3 bromear Alberto Mayol, otro de los miembros del panel que tambi\u00e9n integraban el periodista Sergio Campos y el secretario nacional DC, David Morales.En tanto en Radio La Clave, el cientista pol\u00edtico Marco Moreno plante\u00f3 que \u201cse necesita un nuevo impulso para la gesti\u00f3n pol\u00edtica del Gobierno, que es la parte m\u00e1s d\u00e9bil de la actual administraci\u00f3n\u201d.Cristi\u00e1n Valdivieso, director Criteria Research en Mesa de Noticias de Radio El Conquistador se\u00f1al\u00f3 que \u201csi hay un cambio de gabinete\u201d debiese estar relacionado con ministerios econ\u00f3micos.<\/p>\n<p><a href=\"https:\/\/gobierno.udd.cl\/files\/2019\/06\/2019-06-11_impresa.lasegunda.com_VP3KCKG1.jpg\"><img loading=\"lazy\" decoding=\"async\" class=\"size-medium wp-image-22193 aligncenter\" src=\"https:\/\/gobierno.udd.cl\/files\/2019\/06\/2019-06-11_impresa.lasegunda.com_VP3KCKG1-231x300.jpg\" alt=\"\" width=\"231\" height=\"300\" \/><\/a><\/p>\n","protected":false},"excerpt":{"rendered":"<p>El cambio de gabinete era el principal tema de conversaci\u00f3n en las radios.En el programa Mesa Central de T13 Radio, conducido por Iv\u00e1n Valenzuela, el periodista Enrique \u201cKike\u201d Mujica revel\u00f3 que entre los ministros hab\u00eda incertidumbre (ver nota central), mientras que el columnista Francisco Jos\u00e9 Covarrubias se\u00f1al\u00f3 que se habla de varios enroques; entre ellos, [&hellip;]<\/p>\n","protected":false},"author":22,"featured_media":4524,"comment_status":"open","ping_status":"open","sticky":false,"template":"","format":"standard","meta":{"footnotes":""},"categories":[10162],"tags":[],"class_list":["post-4574","post","type-post","status-publish","format-standard","has-post-thumbnail","hentry","category-centro-en-la-prensa"],"featured_image_url":"https:\/\/gobierno.udd.cl\/cpp\/files\/2019\/05\/Graficas_PoliticasPublicas-03.jpg","_links":{"self":[{"href":"https:\/\/gobierno.udd.cl\/cpp\/wp-json\/wp\/v2\/posts\/4574","targetHints":{"allow":["GET"]}}],"collection":[{"href":"https:\/\/gobierno.udd.cl\/cpp\/wp-json\/wp\/v2\/posts"}],"about":[{"href":"https:\/\/gobierno.udd.cl\/cpp\/wp-json\/wp\/v2\/types\/post"}],"author":[{"embeddable":true,"href":"https:\/\/gobierno.udd.cl\/cpp\/wp-json\/wp\/v2\/users\/22"}],"replies":[{"embeddable":true,"href":"https:\/\/gobierno.udd.cl\/cpp\/wp-json\/wp\/v2\/comments?post=4574"}],"version-history":[{"count":1,"href":"https:\/\/gobierno.udd.cl\/cpp\/wp-json\/wp\/v2\/posts\/4574\/revisions"}],"predecessor-version":[{"id":4575,"href":"https:\/\/gobierno.udd.cl\/cpp\/wp-json\/wp\/v2\/posts\/4574\/revisions\/4575"}],"wp:featuredmedia":[{"embeddable":true,"href":"https:\/\/gobierno.udd.cl\/cpp\/wp-json\/wp\/v2\/media\/4524"}],"wp:attachment":[{"href":"https:\/\/gobierno.udd.cl\/cpp\/wp-json\/wp\/v2\/media?parent=4574"}],"wp:term":[{"taxonomy":"category","embeddable":true,"href":"https:\/\/gobierno.udd.cl\/cpp\/wp-json\/wp\/v2\/categories?post=4574"},{"taxonomy":"post_tag","embeddable":true,"href":"https:\/\/gobierno.udd.cl\/cpp\/wp-json\/wp\/v2\/tags?post=4574"}],"curies":[{"name":"wp","href":"https:\/\/api.w.org\/{rel}","templated":true}]}}