{"id":4572,"date":"2019-06-13T23:59:27","date_gmt":"2019-06-14T03:59:27","guid":{"rendered":"http:\/\/gobierno.udd.cl\/cpp\/?p=4572"},"modified":"2019-06-18T00:02:59","modified_gmt":"2019-06-18T04:02:59","slug":"95-de-chilenos-dicen-que-deben-tener-libertad-para-elegir-al-gestor-de-su-ahorro-adicional-para-la-pension-el-mercurio","status":"publish","type":"post","link":"https:\/\/gobierno.udd.cl\/cpp\/noticias\/2019\/06\/13\/95-de-chilenos-dicen-que-deben-tener-libertad-para-elegir-al-gestor-de-su-ahorro-adicional-para-la-pension-el-mercurio\/","title":{"rendered":"95% de chilenos dicen que deben tener libertad para elegir al gestor de su ahorro adicional para la pensi\u00f3n &#8211; El Mercurio"},"content":{"rendered":"<p style=\"text-align: justify;\">En el contexto del debate por una reforma previsional, la Universidad del Desarrollo quiso saber cu\u00e1l era la opini\u00f3n de los chilenos sobre un aspecto clave de la discusi\u00f3n: el destino del 4% de ahorro adicional.<\/p>\n<p style=\"text-align: justify;\">A trav\u00e9s de su Escuela de Gobierno, el centro acad\u00e9mico hizo cuatro preguntas a una muestra de 1.200 santiaguinos, que conforman su iniciativa Panel Ciudadano, para revelar su percepci\u00f3n sobre la propuesta de incrementar en 4 puntos el ahorro obligatorio, que ahora llega al 10% del sueldo, con cargo al empleador.<\/p>\n<p style=\"text-align: justify;\">La primera pregunta es si est\u00e1 o no de acuerdo con la idea de que cada trabajador es due\u00f1o de sus ahorros previsionales y si debe tener la libertad de escoger qui\u00e9n lo administre. Con 95% del panel respondiendo \u201cDe acuerdo\u201d, se trata de la cuesti\u00f3n con el mayor grado de consenso, con casi iguales niveles de respuestas para hombres (96%) y mujeres (94%). La alta proporci\u00f3n \u201cratifica una visi\u00f3n que a primera vista podr\u00eda parecer evidente, pero que no lo es tanto desde una perspectiva de derechos colectivos\u201d, dicen los autores del estudio.<\/p>\n<p style=\"text-align: justify;\"><strong>Opci\u00f3n individual y colectiva<\/strong><\/p>\n<p style=\"text-align: justify;\">Adem\u00e1s, una gran mayor\u00eda se expres\u00f3 en favor de que ese ahorro adicional se destine a una cuenta individual: el 79% de total. En cambio, solo el 21% dice que debiera ir a un fondo com\u00fan. En este caso, el grado de preferencia cambia de acuerdo al sexo: mientras el 74% de los hombres prefiere una cuenta individual, la tasa sube a 85% en el caso de las mujeres.<\/p>\n<p style=\"text-align: justify;\">La tercera pregunta busca medir el grado de aceptaci\u00f3n a que las AFP participen de la gesti\u00f3n del ahorro adicional. La aseveraci\u00f3n de si \u201ccada persona tiene derecho a elegir si lo administra una AFP o una entidad estatal\u201d cont\u00f3 89% de nivel de acuerdo, con 91% de las mujeres y 87% de los hombres. \u201cSi bien eso no significa una preferencia por las AFP, las cuales no est\u00e1n bien evaluadas en los distintos estudios disponibles, lo concreto es que los encuestados parecen indicar que es parte de la libertad de las personas la decisi\u00f3n de donde destinar sus fondos\u201d, dicen los autores. \u201cEsto es consistente con un sistema de valores en que la modernidad parece tambi\u00e9n haberse cristalizado en un \u00e1mbito como el previsional\u201d.<\/p>\n<p style=\"text-align: justify;\"><strong>Pragmatismo<\/strong><\/p>\n<p style=\"text-align: justify;\">La cuarta pregunta busca entender el atributo que las personas priorizar\u00edan a la hora de escoger una entidad para la gesti\u00f3n de ese 4%. En este caso, el 46% escoger\u00eda a la que le otorgue la mayor rentabilidad, mientras que un porcentaje bastante cercano, el 41%, optar\u00eda por una entidad estatal. El orden de preferencias cambia de acuerdo al g\u00e9nero: mientras el 51% de las mujeres prefiere la opci\u00f3n de mayor rentabilidad, solo el 36% de los hombres escoge lo mismo. En cambio, el 46% de los encuestados masculinos prefiere una entidad estatal y solo el 36% del segmento femenino opina lo mismo. En lo que s\u00ed coinciden ambos grupos es que muy pocos, solo el 8% de cada grupo, escoger\u00eda a su AFP actual para llevarlo a cabo. \u201cLos resultados de la encuesta revelan que las preferencias de los encuestados muestran una combinaci\u00f3n de elementos de elecci\u00f3n individual, seguridad, realismo y pragmatismo\u201d, dicen los autores.<\/p>\n<p style=\"text-align: justify;\"><a href=\"https:\/\/gobierno.udd.cl\/files\/2019\/06\/2019-06-13_NR3K8O0L.jpg\"><img loading=\"lazy\" decoding=\"async\" class=\"size-medium wp-image-22190 aligncenter\" src=\"https:\/\/gobierno.udd.cl\/files\/2019\/06\/2019-06-13_NR3K8O0L-160x300.jpg\" alt=\"\" width=\"160\" height=\"300\" \/><\/a><\/p>\n","protected":false},"excerpt":{"rendered":"<p>En el contexto del debate por una reforma previsional, la Universidad del Desarrollo quiso saber cu\u00e1l era la opini\u00f3n de los chilenos sobre un aspecto clave de la discusi\u00f3n: el destino del 4% de ahorro adicional. A trav\u00e9s de su Escuela de Gobierno, el centro acad\u00e9mico hizo cuatro preguntas a una muestra de 1.200 santiaguinos, [&hellip;]<\/p>\n","protected":false},"author":22,"featured_media":4524,"comment_status":"open","ping_status":"open","sticky":false,"template":"","format":"standard","meta":{"footnotes":""},"categories":[10162],"tags":[],"class_list":["post-4572","post","type-post","status-publish","format-standard","has-post-thumbnail","hentry","category-centro-en-la-prensa"],"featured_image_url":"https:\/\/gobierno.udd.cl\/cpp\/files\/2019\/05\/Graficas_PoliticasPublicas-03.jpg","_links":{"self":[{"href":"https:\/\/gobierno.udd.cl\/cpp\/wp-json\/wp\/v2\/posts\/4572","targetHints":{"allow":["GET"]}}],"collection":[{"href":"https:\/\/gobierno.udd.cl\/cpp\/wp-json\/wp\/v2\/posts"}],"about":[{"href":"https:\/\/gobierno.udd.cl\/cpp\/wp-json\/wp\/v2\/types\/post"}],"author":[{"embeddable":true,"href":"https:\/\/gobierno.udd.cl\/cpp\/wp-json\/wp\/v2\/users\/22"}],"replies":[{"embeddable":true,"href":"https:\/\/gobierno.udd.cl\/cpp\/wp-json\/wp\/v2\/comments?post=4572"}],"version-history":[{"count":1,"href":"https:\/\/gobierno.udd.cl\/cpp\/wp-json\/wp\/v2\/posts\/4572\/revisions"}],"predecessor-version":[{"id":4573,"href":"https:\/\/gobierno.udd.cl\/cpp\/wp-json\/wp\/v2\/posts\/4572\/revisions\/4573"}],"wp:featuredmedia":[{"embeddable":true,"href":"https:\/\/gobierno.udd.cl\/cpp\/wp-json\/wp\/v2\/media\/4524"}],"wp:attachment":[{"href":"https:\/\/gobierno.udd.cl\/cpp\/wp-json\/wp\/v2\/media?parent=4572"}],"wp:term":[{"taxonomy":"category","embeddable":true,"href":"https:\/\/gobierno.udd.cl\/cpp\/wp-json\/wp\/v2\/categories?post=4572"},{"taxonomy":"post_tag","embeddable":true,"href":"https:\/\/gobierno.udd.cl\/cpp\/wp-json\/wp\/v2\/tags?post=4572"}],"curies":[{"name":"wp","href":"https:\/\/api.w.org\/{rel}","templated":true}]}}