{"id":4550,"date":"2019-06-10T22:39:26","date_gmt":"2019-06-11T02:39:26","guid":{"rendered":"http:\/\/gobierno.udd.cl\/cpp\/?p=4550"},"modified":"2019-06-17T22:42:36","modified_gmt":"2019-06-18T02:42:36","slug":"ajuste-o-cambio-de-gabinete-a-quienes-habria-que-mover-y-no-de-los-ministros-politicos-la-tercera-online","status":"publish","type":"post","link":"https:\/\/gobierno.udd.cl\/cpp\/noticias\/2019\/06\/10\/ajuste-o-cambio-de-gabinete-a-quienes-habria-que-mover-y-no-de-los-ministros-politicos-la-tercera-online\/","title":{"rendered":"\u00bfAjuste o cambio de gabinete? A qui\u00e9nes habr\u00eda que mover (y no) de los ministros pol\u00edticos &#8211; La Tercera Online"},"content":{"rendered":"<p style=\"text-align: justify;\">La alarma se ha activado m\u00e1s de una vez. El viernes \u00faltimo llegaron a circular en grupos de Whatsapp hasta listados de nombres que sal\u00edan y entraban; ese mismo d\u00eda, incluso, algunas versiones dieron casi por hecho que todo iba a ocurrir en la tarde. Pero nadie pas\u00f3 la enceradora ni engalan\u00f3 el Sal\u00f3n Montt Varas para la ocasi\u00f3n.<\/p>\n<p style=\"text-align: justify;\">La inc\u00f3gnita del cu\u00e1ndo, c\u00f3mo y a qui\u00e9nes alcanzar\u00e1 un nuevo cambio de gabinete ha ganado fuerza despu\u00e9s de las recientes cifras de opini\u00f3n p\u00fablica que ubicaron a la aprobaci\u00f3n del Gobierno bajo el 30%, seg\u00fan la \u00faltima encuesta de Criteria Research. Ello, sumado a la rebaja de la expectativa de crecimiento econ\u00f3mico y a hechos como el sorpresivo rol del ministro Gonzalo Blumel (Segpres) reemplazando a Cecilia P\u00e9rez (Segegob) en la vocer\u00eda post cuenta p\u00fablica presidencial, han alimentado el comidillo.<\/p>\n<p style=\"text-align: justify;\">Esta ma\u00f1ana, incluso, la timonel de la UDI, Jacqueline van Rysselberghe, asever\u00f3 en radio Cooperativa que ser\u00eda normal un ajuste ministerial a estas alturas del gobierno.\u00a0La duda, entonces, no es tanto si habr\u00e1 o no, si no si esta vez pasar\u00e1 por cambios en los ministerios pol\u00edticos.\u00a0Pi\u00f1era ya pas\u00f3 por este trago en su primer cuatrienio, e intervino dos veces su comit\u00e9 pol\u00edtico. En la primera sac\u00f3 a su vocera, la UDI Ena von Baer, y en la segunda removi\u00f3 -luego de mucha reticencia- a su hasta entonces brazo derecho, Rodrigo Hinzpeter. En ambos casos fue Andr\u00e9s Chadwick el reemplazante.<\/p>\n<p style=\"text-align: justify;\">As\u00ed las cosas,\u00a0<strong>La Tercera PM<\/strong>\u00a0le consult\u00f3 a cinco voces entendidas en estas lides que, dejando de lado la vieja frase de que \u201csolo el Presidente lo sabe\u201d o \u201cno lo voy a aconsejar por la prensa\u201d, disectaron escenarios y motivos para cada caso. \u00bfA qu\u00e9 jefes de cartera habr\u00eda que reemplazar y por qu\u00e9? \u00bfInterior, Secretar\u00eda General de la Presidencia? \u00bfCu\u00e1l es la situaci\u00f3n de la Vocera de Gobierno? \u00bfEs un problema pol\u00edtico, comunicacional, o ambos?<\/p>\n<p style=\"text-align: justify;\">Entre Cristina Bitar, Max Colodro, Tom\u00e1s Duval, Cristi\u00e1n Valdivieso y Gonzalo M\u00fcller, algunos creen que el caso de la ministra P\u00e9rez es el m\u00e1s claro; otros, que no basta reemplazarla para que La Moneda enmiende sus fallas porque el problema es pol\u00edtico, y otros, que es tan pol\u00edtico que habr\u00eda que cambiar a dos, o a todos. Veamos.<\/p>\n<p style=\"text-align: justify;\">\u201cCon alguna frecuencia se tiende a culpar a las comunicaciones por problemas que no necesariamente son comunicacionales\u201d, advierte\u00a0<strong>Cristina Bitar<\/strong>, socia de Azerta Comunicaciones y ex asesora de campa\u00f1a de Joaqu\u00edn Lav\u00edn (2005). Explica que \u201cno veo por qu\u00e9 tenga que ser condici\u00f3n cambiar la vocer\u00eda cada vez que hay un ajuste en el equipo pol\u00edtico. Eso es la soluci\u00f3n f\u00e1cil, una aspirina, y no resuelve los problemas de fondo\u201d.<\/p>\n<p style=\"text-align: justify;\">\u00bfSignifica eso que no hay que tocar ninguno de los patios de La Moneda? Para nada. \u201cEl problema es de gesti\u00f3n pol\u00edtica\u201d, advierte.<\/p>\n<p style=\"text-align: justify;\">Algo parecido cree el soci\u00f3logo\u00a0<strong>Max Colodro<\/strong>\u00a0cuando subraya con destacador que\u00a0\u201clos problemas que hace ya bastantes meses tiene el gobierno pasan por un problema de conducci\u00f3n pol\u00edtica\u201d. Tanto, dice, que\u00a0se niega a hacer tabla rasa con la supuesta inamovilidad de Chadwick a ra\u00edz de que el Presidente Pi\u00f1era le haya encargado dialogar con la oposici\u00f3n en busca de un acuerdo para reformas institucionales.<\/p>\n<p style=\"text-align: justify;\">\u201cEl ministro del Interior no ha logrado recuperarse de los efectos del Caso Catrillanca. Sigue habiendo un problema de debilidad pol\u00edtica en la conducci\u00f3n del gabinete\u201d, observa, y hace ver que \u201ccuando el actor est\u00e1 cuestionado, desligitimado, no depende del Presidente volver a convertirlo en un acto v\u00e1lido, sino que c\u00f3mo lo ven desde el frente\u201d.\u00a0Eso s\u00ed\u00a0\u201cveo poco probable que el Presidente cambie a Chadwick, pero si no lo hace veo poco probable que solucione sus problemas de conducci\u00f3n pol\u00edtica\u201d.<\/p>\n<p style=\"text-align: justify;\">Algo parecido cree el analista pol\u00edtico, acad\u00e9mico de la Universidad Aut\u00f3noma y ex asesor de Interior en Pi\u00f1era, Parte I,\u00a0<strong>Tom\u00e1s Duval<\/strong>: \u201cUn cambio de gabinete tiene que pasar por readecuar las piezas pol\u00edticas, ah\u00ed debiera haber un movimiento que le d\u00e9 un segundo impulso al gobierno. Pasa por un cambio en el equipo pol\u00edtico que le d\u00e9 consistencia en este a\u00f1o y medio antes de enfrentar elecciones\u201d.<\/p>\n<p style=\"text-align: justify;\">\u00bfChadwick? \u201cNo creo que ning\u00fan ministro sea inamovible, porque si parte de esa base ser\u00e1 un cambio acotado, cuando tiene que ser un cambio para enfrentar el futuro\u201d, apunta, y que \u201cel Presidente le dio a Chadwick un gran respaldo en la \u00faltima cuenta p\u00fablica, pero no hay nadie inamovible\u201d.<\/p>\n<h2 style=\"text-align: justify;\">\u00bfUna f\u00f3rmula desgastada?<\/h2>\n<p style=\"text-align: justify;\">Colodro cree que ante esta cirug\u00eda, el ministro Blumel \u201cfunciona mejor, pese a los problemas que ha tenido en el Congreso\u201d, y que si termina saliendo de la Segpres, lo ve m\u00e1s bien como \u201cuna alternativa a portavoz, porque Blumel, en estas condiciones, podr\u00eda servir mejor en la vocer\u00eda de Gobierno, dado que adem\u00e1s hay un problema en ese rol\u201d.<\/p>\n<p style=\"text-align: justify;\">\u201cCecilia P\u00e9rez, pese a que ha hecho una gesti\u00f3n sin grandes chascarros -lo del Caso Catrillanca fue un problema estructural-, su impronta, su capacidad de incidir en la opini\u00f3n p\u00fablica, se ha debilitado mucho\u201d, asevera. Explica que \u201csu figura, la manera como comunica, est\u00e1n desgastadas y tienen muy bajo impacto en los actores pol\u00edticos y en la opini\u00f3n p\u00fablica. Ella se ha desdibujado como una persona capaz de mostrar una l\u00ednea clara de cu\u00e1les son las posiciones del gobierno\u201d.<\/p>\n<p style=\"text-align: justify;\">Adem\u00e1s, dice, \u201cpuede incidir en que ahora ella tenga un tono m\u00e1s duro, y que el gobierno ahora, ante sus reformas, requiera un perfil m\u00e1s conciliador y dialogante\u201d.<\/p>\n<p style=\"text-align: justify;\">Ese \u00faltimo factor tambi\u00e9n lo hace notar Cristi\u00e1n Valdivieso, de Criteria Research:\u00a0\u201cHoy requieres un portavoz que genere tranquilidad, estabilidad y temple. La Vocera es muy polarizante y agresiva; es m\u00e1s propia de un momento de arrogancia o soberbia, en el sentido de cuando un gobierno va hacia adelante y lo est\u00e1 haciendo bien\u201d.<\/p>\n<p style=\"text-align: justify;\">\u201cNo s\u00e9 si es porque era una vocera para tiempos de guerra, sino que m\u00e1s bien una vocera para tiempos de desenfreno y avance; ahora se necesita alguien que ponga m\u00e1s pausa\u201d, agrega, y cree que\u00a0\u201cBlumel tiene una mirada m\u00e1s larga sobre el programa de gobierno, sobre las reformas, claramente m\u00e1s templado. Viene a ocupar un espacio m\u00e1s articulador de negociaciones que de crispaci\u00f3n\u201d.<\/p>\n<p style=\"text-align: justify;\">\u201cEl problema del gobierno no es comunicacional, sino pol\u00edtico, es m\u00e1s de fondo. No pasa solo por cambiar a la ministra vocera\u201d, cree Duval.\u00a0S\u00ed advierte que es un tema, en ese caso, que la relaci\u00f3n de Pi\u00f1era con RN pasa en parte por P\u00e9rez. Duval sostiene que si se cambia esa pieza, ha de ser un complemento de un cambio mayor. \u201cLa Vocera cumpli\u00f3 un rol defendiendo al Presidente como su escudera, ha hecho su labor. Entiendo que ahora se requiere una labor mucho m\u00e1s pol\u00edtica, y a lo mejor ah\u00ed est\u00e1 la relaci\u00f3n del cambio\u201d.<\/p>\n<p style=\"text-align: justify;\">Gonzalo M\u00fcller, director del Centro de Pol\u00edticas P\u00fablicas de la Universidad del Desarrollo, asegura que \u201cel hito pol\u00edtico del 1 de junio le dio ox\u00edgeno al gobierno. Vemos que se ha iniciado un di\u00e1logo pol\u00edtico con la oposici\u00f3n para un cambio institucional, eso todav\u00eda est\u00e1 produciendo frutos y vemos a ministros m\u00e1s empoderados. Hay una reacci\u00f3n de algunos ministros, de los sectoriales, hay una sensaci\u00f3n de rempoderamiento del gabinete. Obviamente, el Presidente va a hacer una evaluaci\u00f3n una vez que pase el tiempo para ver qui\u00e9nes aprovecharon este segundo aire y quienes no\u201d.<\/p>\n<p><a href=\"https:\/\/gobierno.udd.cl\/cpp\/files\/2019\/06\/1fdf3b6355b25e33a50f819c509491b7.jpg\"><img loading=\"lazy\" decoding=\"async\" class=\"size-medium wp-image-4551 aligncenter\" src=\"https:\/\/gobierno.udd.cl\/cpp\/files\/2019\/06\/1fdf3b6355b25e33a50f819c509491b7-174x300.jpg\" alt=\"\" width=\"174\" height=\"300\" srcset=\"https:\/\/gobierno.udd.cl\/cpp\/files\/2019\/06\/1fdf3b6355b25e33a50f819c509491b7-174x300.jpg 174w, https:\/\/gobierno.udd.cl\/cpp\/files\/2019\/06\/1fdf3b6355b25e33a50f819c509491b7-768x1324.jpg 768w, https:\/\/gobierno.udd.cl\/cpp\/files\/2019\/06\/1fdf3b6355b25e33a50f819c509491b7-594x1024.jpg 594w, https:\/\/gobierno.udd.cl\/cpp\/files\/2019\/06\/1fdf3b6355b25e33a50f819c509491b7-557x960.jpg 557w, https:\/\/gobierno.udd.cl\/cpp\/files\/2019\/06\/1fdf3b6355b25e33a50f819c509491b7.jpg 1400w\" sizes=\"auto, (max-width: 174px) 100vw, 174px\" \/><\/a><\/p>\n","protected":false},"excerpt":{"rendered":"<p>Con el ya largamente frenado cambio de gabinete a las puertas de Palacio, cuatro especialistas lanzan sus cartas. Todos coinciden en que ha de tocar a los ministerios pol\u00edticos; algunos creen que el problema no es solo comunicacional.<\/p>\n","protected":false},"author":22,"featured_media":4524,"comment_status":"open","ping_status":"open","sticky":false,"template":"","format":"standard","meta":{"footnotes":""},"categories":[10162],"tags":[],"class_list":["post-4550","post","type-post","status-publish","format-standard","has-post-thumbnail","hentry","category-centro-en-la-prensa"],"featured_image_url":"https:\/\/gobierno.udd.cl\/cpp\/files\/2019\/05\/Graficas_PoliticasPublicas-03.jpg","_links":{"self":[{"href":"https:\/\/gobierno.udd.cl\/cpp\/wp-json\/wp\/v2\/posts\/4550","targetHints":{"allow":["GET"]}}],"collection":[{"href":"https:\/\/gobierno.udd.cl\/cpp\/wp-json\/wp\/v2\/posts"}],"about":[{"href":"https:\/\/gobierno.udd.cl\/cpp\/wp-json\/wp\/v2\/types\/post"}],"author":[{"embeddable":true,"href":"https:\/\/gobierno.udd.cl\/cpp\/wp-json\/wp\/v2\/users\/22"}],"replies":[{"embeddable":true,"href":"https:\/\/gobierno.udd.cl\/cpp\/wp-json\/wp\/v2\/comments?post=4550"}],"version-history":[{"count":1,"href":"https:\/\/gobierno.udd.cl\/cpp\/wp-json\/wp\/v2\/posts\/4550\/revisions"}],"predecessor-version":[{"id":4552,"href":"https:\/\/gobierno.udd.cl\/cpp\/wp-json\/wp\/v2\/posts\/4550\/revisions\/4552"}],"wp:featuredmedia":[{"embeddable":true,"href":"https:\/\/gobierno.udd.cl\/cpp\/wp-json\/wp\/v2\/media\/4524"}],"wp:attachment":[{"href":"https:\/\/gobierno.udd.cl\/cpp\/wp-json\/wp\/v2\/media?parent=4550"}],"wp:term":[{"taxonomy":"category","embeddable":true,"href":"https:\/\/gobierno.udd.cl\/cpp\/wp-json\/wp\/v2\/categories?post=4550"},{"taxonomy":"post_tag","embeddable":true,"href":"https:\/\/gobierno.udd.cl\/cpp\/wp-json\/wp\/v2\/tags?post=4550"}],"curies":[{"name":"wp","href":"https:\/\/api.w.org\/{rel}","templated":true}]}}