{"id":4547,"date":"2019-06-12T22:29:40","date_gmt":"2019-06-13T02:29:40","guid":{"rendered":"http:\/\/gobierno.udd.cl\/cpp\/?p=4547"},"modified":"2019-06-17T22:32:32","modified_gmt":"2019-06-18T02:32:32","slug":"pepe-auth-explica-por-que-acepto-participar-del-consejo-directivo-ampliado-de-la-udi-the-clinic","status":"publish","type":"post","link":"https:\/\/gobierno.udd.cl\/cpp\/noticias\/2019\/06\/12\/pepe-auth-explica-por-que-acepto-participar-del-consejo-directivo-ampliado-de-la-udi-the-clinic\/","title":{"rendered":"Pepe Auth explica por qu\u00e9 acept\u00f3 participar del consejo directivo ampliado de la UDI &#8211; The Clinic"},"content":{"rendered":"<p style=\"text-align: justify;\">El diputado Pepe Auth (ex PPD) entreg\u00f3 sus razones para aceptar la invitaci\u00f3n a participar del consejo directivo ampliado que tendr\u00e1 la Uni\u00f3n Dem\u00f3crata Independiente (UDI) el pr\u00f3ximo viernes en el Hotel Termas de Cauquenes.<br \/>\nSeg\u00fan El Mercurio, el legislador asistir\u00e1 en su calidad de \u201cexperto en temas electorales\u201d junto al expresidente de Ev\u00f3poli, Jorge Saint-Jean, y el sociol\u00f3go de la\u00a0<span class=\"highlight\">U<\/span>.\u00a0<span class=\"highlight\">del<\/span>\u00a0<span class=\"highlight\">Desarrollo<\/span>, Eugenio Guzm\u00e1n, quienes participar\u00e1n de un foro sobre elecciones municipales y regionales.<br \/>\nEl parlamentario de oposici\u00f3n explic\u00f3 que \u201cme invitaron a hacer una provocaci\u00f3n y es lo que voy a hacer en un panel del viernes\u201d.<br \/>\nAuth afirm\u00f3 que ya hab\u00eda participado de esa instancia hace algunos a\u00f1os y que desde la UDI \u201chace alg\u00fan tiempo acostumbran a invitar a alguien que los mire desde afuera\u201d.<br \/>\n\u201cEn este caso, es particularmente interesante, porque habr\u00e1 elecciones municipales y regionales, cuyo resultado en los \u00faltimos a\u00f1os ha sido decisivo en las presidenciales\u201c, a\u00f1adi\u00f3.<br \/>\nAdem\u00e1s, subray\u00f3 que \u201cel ingrediente in\u00e9dito es que por primera vez la coalici\u00f3n de centroderecha tendr\u00e1 un competidor pol\u00edtico -y eventualmente electoral- a su derecha\u201d, en referencia a Jos\u00e9 Antonio Kast.<br \/>\n\u201cUna realidad que por casi tres d\u00e9cadas solo desafi\u00f3 a la centroizquierda, que siempre tuvo un actor pol\u00edtico a su izquierda, por muchos a\u00f1os agrupada en torno al PC, y en estos a\u00f1os, alrededor de partidos surgidos del movimiento estudiantil\u201d, cerr\u00f3.<\/p>\n<p><a href=\"https:\/\/gobierno.udd.cl\/cpp\/files\/2019\/06\/42a5f8f1f2ffa3a697d8592cc50bba95.jpg\"><img loading=\"lazy\" decoding=\"async\" class=\"alignnone size-medium wp-image-4548 aligncenter\" src=\"https:\/\/gobierno.udd.cl\/cpp\/files\/2019\/06\/42a5f8f1f2ffa3a697d8592cc50bba95-83x300.jpg\" alt=\"\" width=\"83\" height=\"300\" srcset=\"https:\/\/gobierno.udd.cl\/cpp\/files\/2019\/06\/42a5f8f1f2ffa3a697d8592cc50bba95-83x300.jpg 83w, https:\/\/gobierno.udd.cl\/cpp\/files\/2019\/06\/42a5f8f1f2ffa3a697d8592cc50bba95-768x2789.jpg 768w, https:\/\/gobierno.udd.cl\/cpp\/files\/2019\/06\/42a5f8f1f2ffa3a697d8592cc50bba95-282x1024.jpg 282w, https:\/\/gobierno.udd.cl\/cpp\/files\/2019\/06\/42a5f8f1f2ffa3a697d8592cc50bba95.jpg 1385w\" sizes=\"auto, (max-width: 83px) 100vw, 83px\" \/><\/a><\/p>\n","protected":false},"excerpt":{"rendered":"<p>El diputado intervendr\u00e1 en un foro sobre las elecciones municipales y regionales. \u00abMe invitaron a hacer una provocaci\u00f3n y es lo que voy a hacer\u00bb, sostuvo.<\/p>\n","protected":false},"author":22,"featured_media":4524,"comment_status":"open","ping_status":"open","sticky":false,"template":"","format":"standard","meta":{"footnotes":""},"categories":[10162],"tags":[],"class_list":["post-4547","post","type-post","status-publish","format-standard","has-post-thumbnail","hentry","category-centro-en-la-prensa"],"featured_image_url":"https:\/\/gobierno.udd.cl\/cpp\/files\/2019\/05\/Graficas_PoliticasPublicas-03.jpg","_links":{"self":[{"href":"https:\/\/gobierno.udd.cl\/cpp\/wp-json\/wp\/v2\/posts\/4547","targetHints":{"allow":["GET"]}}],"collection":[{"href":"https:\/\/gobierno.udd.cl\/cpp\/wp-json\/wp\/v2\/posts"}],"about":[{"href":"https:\/\/gobierno.udd.cl\/cpp\/wp-json\/wp\/v2\/types\/post"}],"author":[{"embeddable":true,"href":"https:\/\/gobierno.udd.cl\/cpp\/wp-json\/wp\/v2\/users\/22"}],"replies":[{"embeddable":true,"href":"https:\/\/gobierno.udd.cl\/cpp\/wp-json\/wp\/v2\/comments?post=4547"}],"version-history":[{"count":1,"href":"https:\/\/gobierno.udd.cl\/cpp\/wp-json\/wp\/v2\/posts\/4547\/revisions"}],"predecessor-version":[{"id":4549,"href":"https:\/\/gobierno.udd.cl\/cpp\/wp-json\/wp\/v2\/posts\/4547\/revisions\/4549"}],"wp:featuredmedia":[{"embeddable":true,"href":"https:\/\/gobierno.udd.cl\/cpp\/wp-json\/wp\/v2\/media\/4524"}],"wp:attachment":[{"href":"https:\/\/gobierno.udd.cl\/cpp\/wp-json\/wp\/v2\/media?parent=4547"}],"wp:term":[{"taxonomy":"category","embeddable":true,"href":"https:\/\/gobierno.udd.cl\/cpp\/wp-json\/wp\/v2\/categories?post=4547"},{"taxonomy":"post_tag","embeddable":true,"href":"https:\/\/gobierno.udd.cl\/cpp\/wp-json\/wp\/v2\/tags?post=4547"}],"curies":[{"name":"wp","href":"https:\/\/api.w.org\/{rel}","templated":true}]}}