{"id":4540,"date":"2019-06-13T22:04:59","date_gmt":"2019-06-14T02:04:59","guid":{"rendered":"http:\/\/gobierno.udd.cl\/cpp\/?p=4540"},"modified":"2019-06-17T22:07:56","modified_gmt":"2019-06-18T02:07:56","slug":"comite-udi-pone-la-mira-en-elecciones-municipales-y-regionales-evaluaran-situacion-de-j-a-kast-biobio-chile","status":"publish","type":"post","link":"https:\/\/gobierno.udd.cl\/cpp\/noticias\/2019\/06\/13\/comite-udi-pone-la-mira-en-elecciones-municipales-y-regionales-evaluaran-situacion-de-j-a-kast-biobio-chile\/","title":{"rendered":"Comit\u00e9 UDI pone la mira en elecciones municipales y regionales: evaluar\u00e1n situaci\u00f3n de J.A Kast &#8211; Biob\u00edo Chile"},"content":{"rendered":"<p style=\"text-align: justify;\">El viernes y s\u00e1bado, en las Termas de Cauquenes, se desarrollar\u00e1 el comit\u00e9 directivo ampliado de la UDI, que pondr\u00e1 el con el foco puesto en las elecciones municipales y de gobernadores regionales de octubre del pr\u00f3ximo a\u00f1o.<\/p>\n<p style=\"text-align: justify;\">Sin embargo, tambi\u00e9n se le dedicar\u00e1 tiempo a la decisi\u00f3n de Jos\u00e9 Antonio Kast de inscribir su Partido Republicano.<\/p>\n<p style=\"text-align: justify;\">Principalmente, en c\u00f3mo puede llegar a afectar a Chile Vamos y a la misma UDI.Kast se\u00f1al\u00f3 que a\u00fan no es tema su ingreso a Chile Vamos, hecho que no disipa los temores del oficialismo frente a una polarizaci\u00f3n del sector.En relaci\u00f3n al evento, la UDI a\u00fan sigue ajustando detalles del programa, pero ya est\u00e1 claro qui\u00e9nes ser\u00e1n los expositores externos que abrir\u00e1n la jornada: el expresidente de Ev\u00f3poli, Jorge Saint Jean; el analista pol\u00edtico y acad\u00e9mico de la\u00a0<span class=\"highlight\">UDD<\/span>, Eugenio Guzm\u00e1n; y el diputado independiente y experto electoral, Pepe Auth, ser\u00e1n los encargados de dar el vamos.<\/p>\n<p style=\"text-align: justify;\">La senadora y presidenta del partido, Jacqueline van Rysselberghe, explic\u00f3 que este \u00fatlimo tiene una visi\u00f3n \u201cdesde la vereda del frente\u201d y que enriquece el debate.<\/p>\n<p style=\"text-align: justify;\">Por su parte, el diputado Pepe Auth se\u00f1al\u00f3 que desafiar\u00e1 a la UDI a una reflexi\u00f3n dada la irrupci\u00f3n de Kast en el sector.<\/p>\n<p style=\"text-align: justify;\">Eugenio Guzm\u00e1n afirm\u00f3 que uno de los principales problemas que trae Jos\u00e9 Antonio Kast a Chile Vamos es que es impredecible, pues \u201cno hay certeza de que \u00e9l se va a comportar de manera cooperativa o negociadora\u201d.En relaci\u00f3n a la asistencia, se espera que concurra la mayor\u00eda de los subsecretarios de la UDI.<\/p>\n<p style=\"text-align: justify;\">En cuanto a ministros, Andr\u00e9s Chadwick, jefe de la cartera de Interior, e Isabel Pl\u00e1, ministra de la Mujer y Equidad de G\u00e9nero, participar\u00e1n en la instancia.<\/p>\n<p><a href=\"https:\/\/gobierno.udd.cl\/cpp\/files\/2019\/06\/c95d9198744e1157c913ae4095d013b1.jpg\"><img loading=\"lazy\" decoding=\"async\" class=\"size-medium wp-image-4542 aligncenter\" src=\"https:\/\/gobierno.udd.cl\/cpp\/files\/2019\/06\/c95d9198744e1157c913ae4095d013b1-109x300.jpg\" alt=\"\" width=\"109\" height=\"300\" srcset=\"https:\/\/gobierno.udd.cl\/cpp\/files\/2019\/06\/c95d9198744e1157c913ae4095d013b1-109x300.jpg 109w, https:\/\/gobierno.udd.cl\/cpp\/files\/2019\/06\/c95d9198744e1157c913ae4095d013b1-768x2105.jpg 768w, https:\/\/gobierno.udd.cl\/cpp\/files\/2019\/06\/c95d9198744e1157c913ae4095d013b1-350x960.jpg 350w, https:\/\/gobierno.udd.cl\/cpp\/files\/2019\/06\/c95d9198744e1157c913ae4095d013b1.jpg 1385w\" sizes=\"auto, (max-width: 109px) 100vw, 109px\" \/><\/a><\/p>\n","protected":false},"excerpt":{"rendered":"<p>El viernes y s\u00e1bado, en las Termas de Cauquenes, se desarrollar\u00e1 el comit\u00e9 directivo ampliado de la UDI, que pondr\u00e1 el con el foco puesto en las elecciones municipales y de gobernadores regionales de octubre del pr\u00f3ximo a\u00f1o. Sin embargo, tambi\u00e9n se le dedicar\u00e1 tiempo a la decisi\u00f3n de Jos\u00e9 Antonio Kast de inscribir su [&hellip;]<\/p>\n","protected":false},"author":22,"featured_media":4524,"comment_status":"open","ping_status":"open","sticky":false,"template":"","format":"standard","meta":{"footnotes":""},"categories":[10162],"tags":[],"class_list":["post-4540","post","type-post","status-publish","format-standard","has-post-thumbnail","hentry","category-centro-en-la-prensa"],"featured_image_url":"https:\/\/gobierno.udd.cl\/cpp\/files\/2019\/05\/Graficas_PoliticasPublicas-03.jpg","_links":{"self":[{"href":"https:\/\/gobierno.udd.cl\/cpp\/wp-json\/wp\/v2\/posts\/4540","targetHints":{"allow":["GET"]}}],"collection":[{"href":"https:\/\/gobierno.udd.cl\/cpp\/wp-json\/wp\/v2\/posts"}],"about":[{"href":"https:\/\/gobierno.udd.cl\/cpp\/wp-json\/wp\/v2\/types\/post"}],"author":[{"embeddable":true,"href":"https:\/\/gobierno.udd.cl\/cpp\/wp-json\/wp\/v2\/users\/22"}],"replies":[{"embeddable":true,"href":"https:\/\/gobierno.udd.cl\/cpp\/wp-json\/wp\/v2\/comments?post=4540"}],"version-history":[{"count":2,"href":"https:\/\/gobierno.udd.cl\/cpp\/wp-json\/wp\/v2\/posts\/4540\/revisions"}],"predecessor-version":[{"id":4543,"href":"https:\/\/gobierno.udd.cl\/cpp\/wp-json\/wp\/v2\/posts\/4540\/revisions\/4543"}],"wp:featuredmedia":[{"embeddable":true,"href":"https:\/\/gobierno.udd.cl\/cpp\/wp-json\/wp\/v2\/media\/4524"}],"wp:attachment":[{"href":"https:\/\/gobierno.udd.cl\/cpp\/wp-json\/wp\/v2\/media?parent=4540"}],"wp:term":[{"taxonomy":"category","embeddable":true,"href":"https:\/\/gobierno.udd.cl\/cpp\/wp-json\/wp\/v2\/categories?post=4540"},{"taxonomy":"post_tag","embeddable":true,"href":"https:\/\/gobierno.udd.cl\/cpp\/wp-json\/wp\/v2\/tags?post=4540"}],"curies":[{"name":"wp","href":"https:\/\/api.w.org\/{rel}","templated":true}]}}