{"id":4533,"date":"2019-06-14T21:44:46","date_gmt":"2019-06-15T01:44:46","guid":{"rendered":"http:\/\/gobierno.udd.cl\/cpp\/?p=4533"},"modified":"2019-06-17T21:53:10","modified_gmt":"2019-06-18T01:53:10","slug":"marcela-cubillos-las-razones-de-su-sorpresivo-registro-en-la-cep-pese-al-rechazo-y-enfrentamientos-con-la-oposicion-emol","status":"publish","type":"post","link":"https:\/\/gobierno.udd.cl\/cpp\/noticias\/2019\/06\/14\/marcela-cubillos-las-razones-de-su-sorpresivo-registro-en-la-cep-pese-al-rechazo-y-enfrentamientos-con-la-oposicion-emol\/","title":{"rendered":"Marcela Cubillos: Las razones de su sorpresivo registro en la CEP pese al rechazo y enfrentamientos con la oposici\u00f3n &#8211; Emol"},"content":{"rendered":"<p style=\"text-align: justify;\">La ministra Marcela Cubillos apareci\u00f3 como la cuarta mejor figura pol\u00edtica evaluada con un 36% en la encuesta de opini\u00f3n p\u00fablica que dio a conocer el Centro de Estudios P\u00fablicos (CEP). Cubillos, la misma que el Partido Socialista analiza acusar constitucionalmente, y a la que el resto de la oposici\u00f3n ha cuestionado por su car\u00e1cter confrontacional con el Congreso.<\/p>\n<p style=\"text-align: justify;\">Todo esto en medio de unos resultados no muy favorables para el Gobierno, donde la aprobaci\u00f3n del Presidente Sebasti\u00e1n Pi\u00f1era cay\u00f3 12 puntos y la desaprobaci\u00f3n de su administraci\u00f3n alcanz\u00f3 un 50%.<\/p>\n<p style=\"text-align: justify;\">La titular de Educaci\u00f3n es el blanco de las cr\u00edticas opositoras por levantar proyectos como Aula Segura y Admisi\u00f3n Justa, con este \u00faltimo busca dejar atr\u00e1s el Sistema de Admisi\u00f3n Escolar vigente aprobado bajo el Gobierno de la ex Presidenta Michelle Bachelet. La iniciativa ya fue rechazada por la comisi\u00f3n ad hoc de la C\u00e1mara y ahora deber\u00e1 ser votada en Sala.<\/p>\n<p style=\"text-align: justify;\">En ese contexto el Centro de Estudios P\u00fablicos consult\u00f3 sobre ella y sorprendi\u00f3 instal\u00e1ndose despu\u00e9s de Joaqu\u00edn Lav\u00edn, Michelle Bachelet, Manuel Jos\u00e9 Ossand\u00f3n. Eso s\u00ed mantiene solo un 46% de conocimiento, ubic\u00e1ndose entre los m\u00e1s bajos del sondeo.<\/p>\n<p style=\"text-align: justify;\">\u00abLa ministra Cubillos tiene una gran conexi\u00f3n con lo que la ciudadan\u00eda quiere y espera en materia de educaci\u00f3n, sus problemas han ido m\u00e1s por la incapacidad del mundo pol\u00edtico, especialmente de la oposici\u00f3n de comprender que hay una demanda ciudadana fuerte tanto en Aula Segura como en la discusi\u00f3n sobre m\u00e9rito (Admisi\u00f3n Justa)\u00bb, sostuvo el director de Centro de Pol\u00edticas P\u00fablicas de la\u00a0<span class=\"highlight\">Universidad<\/span>\u00a0<span class=\"highlight\">del<\/span>\u00a0<span class=\"highlight\">Desarrollo<\/span>, Gonzalo M\u00fcller.<\/p>\n<p style=\"text-align: justify;\">Y a\u00f1adi\u00f3 que \u00abesa distancia entre lo pol\u00edtico y lo ciudadano es lo que creo ha generado por un lado dificultades en la tramitaci\u00f3n legislativas en los proyectos de educaci\u00f3n, pero por el otro lado una gran aprobaci\u00f3n ciudadana para ella\u00bb.<\/p>\n<p style=\"text-align: justify;\">En el mismo sentido, el acad\u00e9mico resalta que la jefa del Mineduc puede aprovechar este respaldo para plantarse ante la oposici\u00f3n en el Congreso \u00abporque nada m\u00e1s fuerte en pol\u00edtica que sentir que se est\u00e1 en una causa justa y que genera un apoyo importante en la ciudadan\u00eda y en eso es la oportunidad que tiene ella\u00bb.<\/p>\n<p style=\"text-align: justify;\"><strong>Defensa del Gobierno<\/strong><\/p>\n<p style=\"text-align: justify;\">Por su parte el acad\u00e9mico de la Universidad de Talca, Mauricio Morales, dice haberse sorprendido de que el CEP la incorporara entre los personajes a evaluar por la ciudadan\u00eda ya que generalmente quienes lideran la cartera de Educaci\u00f3n no figuran en estos cuestionarios.<\/p>\n<p style=\"text-align: justify;\">\u00abEn segundo lugar no sorprende tanto el hecho que aparezca con un 36% de apoyo si es que consideramos que le promedio de evaluaci\u00f3n positiva es m\u00e1s bajo en comparaci\u00f3n a lo que suced\u00eda a\u00f1os anteriores, solamente destaca Joaqu\u00edn Lav\u00edn y luego viene un lote muy parejo, por lo tanto, no es una gran evaluaci\u00f3n positiva. Es una evaluaci\u00f3n en torno al promedio, pero que s\u00ed destaca en un ambiente en el que los pol\u00edticos reciben una mala evaluaci\u00f3n ciudadana\u00bb, apunt\u00f3 el doctor en Ciencias Pol\u00edticas.<\/p>\n<p style=\"text-align: justify;\">Morales indic\u00f3 que lo m\u00e1s relevante es que con estos resultados ella se posiciona \u00abcomo una de las ministras que m\u00e1s genuinamente ha defendido la agenda en materia de Educaci\u00f3n.\u00a0 El proyecto Aula Segura y el de Admisi\u00f3n Justa le hace mucho sentido a la gente que tradicionalmente vota por la centroderecha y particularmente de aquellos que se posicionan a\u00fan m\u00e1s a la derecha\u00bb, analiz\u00f3.<\/p>\n<p style=\"text-align: justify;\">As\u00ed dice que pese a las presiones de la centroizquierda para que ella salga del gabinete, el Presidente Pi\u00f1era determin\u00f3 no hacerlo ayer en el ajuste que concret\u00f3 porque \u00abda la sensaci\u00f3n de que \u00e9l conoc\u00eda estos resultados y por so mismo decidi\u00f3 no moverla\u00bb, y si es que lo pens\u00f3 estas cifras \u00abhicieron que diera marcha atr\u00e1s\u00bb.<\/p>\n<p style=\"text-align: justify;\">Asimismo el decano de la Facultad de Gobierno de la Universidad Central, Marco Moreno, resalta que entre quienes la conocen -que son los que la evaluaron positivamente- \u00ablo que ella consigue es lograr conectar con una emoci\u00f3n y sentimiento que es un poco el miedo al desorden, a los problemas que hay en el sistema educacional, a los paros y tomas. Entonces el discurso que ella levanta es un intento por \u00absintonizar con esas audiencias\u00bb y finalmente lo logra \u00abh\u00e1bilmente\u00bb.<\/p>\n<p style=\"text-align: justify;\"><strong>Proyecciones de Cubillos<\/strong><\/p>\n<p style=\"text-align: justify;\">Seg\u00fan Moreno los consultados conocen su trayectoria pol\u00edtica y \u00absaben que es una mujer de car\u00e1cter fuerte que toma posici\u00f3n\u00bb, por lo tanto ella le habla al \u00abvotante duro de la derecha\u00bb y a quienes quieren que su hijo pueda estudiar sin los problemas que derivan de paros y tomas.<\/p>\n<p style=\"text-align: justify;\">As\u00ed los expertos creen que ella est\u00e1 consiguiendo un capital pol\u00edtico que podr\u00eda favorecerla si ella tuviera la intenci\u00f3n de enfrentarse en el futuro en una elecci\u00f3n. El acad\u00e9mico de la Universidad Central acot\u00f3 que ella puede apuntar m\u00e1s all\u00e1 de una carrera parlamentaria, considerando que ya fue diputada por la UDI.<\/p>\n<p style=\"text-align: justify;\">\u00abYo me atrever\u00eda a decir que no hay muchos liderazgos femeninos fuertes en la derecha, por lo que ella tiene tiempo todav\u00eda como para construir un liderazgo, para plantarse como una mujer que puede tener un liderazgo con aspiraciones no solo parlamentarias, sino que incluso presidenciales\u00bb, coment\u00f3.<\/p>\n<p style=\"text-align: justify;\">Moreno resalta que ella podr\u00eda competir como representante de Chile Vamos a La Moneda, pese a las aspiraciones presidenciales que tambi\u00e9n ha manifestado su esposo, el senador Andr\u00e9s Allamand (RN).<\/p>\n<p style=\"text-align: justify;\">\u00abElla est\u00e1 demostrando que es m\u00e1s que la esposa de Allamand, por lo tanto \u00e9l tiene ahora su \u00faltima oportunidad para ser candidato y as\u00ed en cuatro a\u00f1os m\u00e1s ella podr\u00eda ser un nombre que podr\u00eda ser bien evaluado en la medida que construya un liderazgo y logre tambi\u00e9n mejorar su capital pol\u00edtico, porque el CEP demuestra que tiene un bajo nivel de conocimiento. Tiene la oportunidad de crecer y tiempo a\u00fan\u00bb, consider\u00f3 el acad\u00e9mico.<\/p>\n<p style=\"text-align: justify;\">M\u00fcller tambi\u00e9n recalca que ella puede aprovechar este respaldo y consolidarlos a\u00fan m\u00e1s si logra un avance con las iniciativas que tramita en el Parlamento. \u00abSi logra concretar esos proyectos obviamente que a todos los pol\u00edticos, y en general a los ministros, cuando tienen una buena labor se les abren las puertas de las posibilidades de asumir desaf\u00edos mayores\u00bb, concluy\u00f3.<\/p>\n<p>Vea la nota en Emol, <strong><a href=\"https:\/\/www.emol.com\/noticias\/Nacional\/2019\/06\/14\/951330\/Marcela-Cubillos-Las-razones-de-su-sorpresivo-registro-en-la-CEP-pese-al-rechazo-y-enfrentamientos-con-la-oposicion.html\">AQU\u00cd<\/a>.<\/strong><\/p>\n","protected":false},"excerpt":{"rendered":"<p>La ministra de Educaci\u00f3n se posicion\u00f3 como la cuarta figura pol\u00edtica evaluada -entre quienes la conocen- seg\u00fan la encuesta. Expertos analizan c\u00f3mo alcanz\u00f3 este resultado y qu\u00e9 debe hacer con su capital.<\/p>\n","protected":false},"author":22,"featured_media":4524,"comment_status":"open","ping_status":"open","sticky":false,"template":"","format":"standard","meta":{"footnotes":""},"categories":[10162],"tags":[],"class_list":["post-4533","post","type-post","status-publish","format-standard","has-post-thumbnail","hentry","category-centro-en-la-prensa"],"featured_image_url":"https:\/\/gobierno.udd.cl\/cpp\/files\/2019\/05\/Graficas_PoliticasPublicas-03.jpg","_links":{"self":[{"href":"https:\/\/gobierno.udd.cl\/cpp\/wp-json\/wp\/v2\/posts\/4533","targetHints":{"allow":["GET"]}}],"collection":[{"href":"https:\/\/gobierno.udd.cl\/cpp\/wp-json\/wp\/v2\/posts"}],"about":[{"href":"https:\/\/gobierno.udd.cl\/cpp\/wp-json\/wp\/v2\/types\/post"}],"author":[{"embeddable":true,"href":"https:\/\/gobierno.udd.cl\/cpp\/wp-json\/wp\/v2\/users\/22"}],"replies":[{"embeddable":true,"href":"https:\/\/gobierno.udd.cl\/cpp\/wp-json\/wp\/v2\/comments?post=4533"}],"version-history":[{"count":1,"href":"https:\/\/gobierno.udd.cl\/cpp\/wp-json\/wp\/v2\/posts\/4533\/revisions"}],"predecessor-version":[{"id":4534,"href":"https:\/\/gobierno.udd.cl\/cpp\/wp-json\/wp\/v2\/posts\/4533\/revisions\/4534"}],"wp:featuredmedia":[{"embeddable":true,"href":"https:\/\/gobierno.udd.cl\/cpp\/wp-json\/wp\/v2\/media\/4524"}],"wp:attachment":[{"href":"https:\/\/gobierno.udd.cl\/cpp\/wp-json\/wp\/v2\/media?parent=4533"}],"wp:term":[{"taxonomy":"category","embeddable":true,"href":"https:\/\/gobierno.udd.cl\/cpp\/wp-json\/wp\/v2\/categories?post=4533"},{"taxonomy":"post_tag","embeddable":true,"href":"https:\/\/gobierno.udd.cl\/cpp\/wp-json\/wp\/v2\/tags?post=4533"}],"curies":[{"name":"wp","href":"https:\/\/api.w.org\/{rel}","templated":true}]}}