{"id":4522,"date":"2019-06-01T23:48:09","date_gmt":"2019-06-02T03:48:09","guid":{"rendered":"http:\/\/gobierno.udd.cl\/cpp\/?p=4522"},"modified":"2019-06-10T23:55:02","modified_gmt":"2019-06-11T03:55:02","slug":"expertos-analizan-previa-cuenta-publica-2019-mega-plus","status":"publish","type":"post","link":"https:\/\/gobierno.udd.cl\/cpp\/noticias\/2019\/06\/01\/expertos-analizan-previa-cuenta-publica-2019-mega-plus\/","title":{"rendered":"Expertos analizan previa cuenta p\u00fablica 2019  &#8211; Mega Plus"},"content":{"rendered":"<p style=\"text-align: justify;\">Los analistas pol\u00edticos Eugenio Guzm\u00e1n y Max Colodro analizan lo que se espera en la Cuenta P\u00fablica 2019 del Presidente de la Rep\u00fablica, Sebasti\u00e1n Pi\u00f1era.<\/p>\n<div style=\"width: 640px;\" class=\"wp-video\"><video class=\"wp-video-shortcode\" id=\"video-4522-1\" width=\"640\" height=\"360\" preload=\"metadata\" controls=\"controls\"><source type=\"video\/mp4\" src=\"http:\/\/conectamedia.s3.amazonaws.com\/de943b4698eeac980751287b634de4f9.mp4?_=1\" \/><a href=\"http:\/\/conectamedia.s3.amazonaws.com\/de943b4698eeac980751287b634de4f9.mp4\">http:\/\/conectamedia.s3.amazonaws.com\/de943b4698eeac980751287b634de4f9.mp4<\/a><\/video><\/div>\n<p>&nbsp;<\/p>\n<div style=\"width: 640px;\" class=\"wp-video\"><video class=\"wp-video-shortcode\" id=\"video-4522-2\" width=\"640\" height=\"360\" preload=\"metadata\" controls=\"controls\"><source type=\"video\/mp4\" src=\"http:\/\/conectamedia.s3.amazonaws.com\/21f24d0fb59d75ed3dc33ce415618405.mp4?_=2\" \/><a href=\"http:\/\/conectamedia.s3.amazonaws.com\/21f24d0fb59d75ed3dc33ce415618405.mp4\">http:\/\/conectamedia.s3.amazonaws.com\/21f24d0fb59d75ed3dc33ce415618405.mp4<\/a><\/video><\/div>\n<p>&nbsp;<\/p>\n<p>Las expectativas que hab\u00edan antes del discurso de cuenta publica, el primero en horario prime, Y lo que se espera escuchar por parte del presidente<\/p>\n<p>Habla:\u00a0Mauricio Rojas, Historiador, Marco Moreno Analista Pol\u00edtico.<\/p>\n<div style=\"width: 640px;\" class=\"wp-video\"><video class=\"wp-video-shortcode\" id=\"video-4522-3\" width=\"640\" height=\"360\" preload=\"metadata\" controls=\"controls\"><source type=\"video\/mp4\" src=\"http:\/\/conectamedia.s3.amazonaws.com\/7cf7979e507434eaa1543be3684bd464.mp4?_=3\" \/><a href=\"http:\/\/conectamedia.s3.amazonaws.com\/7cf7979e507434eaa1543be3684bd464.mp4\">http:\/\/conectamedia.s3.amazonaws.com\/7cf7979e507434eaa1543be3684bd464.mp4<\/a><\/video><\/div>\n<p>&nbsp;<\/p>\n<div style=\"width: 640px;\" class=\"wp-video\"><video class=\"wp-video-shortcode\" id=\"video-4522-4\" width=\"640\" height=\"360\" preload=\"metadata\" controls=\"controls\"><source type=\"video\/mp4\" src=\"http:\/\/conectamedia.s3.amazonaws.com\/06a6d6b4c1a6469e237a316f7742b3af.mp4?_=4\" \/><a href=\"http:\/\/conectamedia.s3.amazonaws.com\/06a6d6b4c1a6469e237a316f7742b3af.mp4\">http:\/\/conectamedia.s3.amazonaws.com\/06a6d6b4c1a6469e237a316f7742b3af.mp4<\/a><\/video><\/div>\n<p>&nbsp;<\/p>\n<p>&nbsp;<\/p>\n","protected":false},"excerpt":{"rendered":"<p>Los analistas pol\u00edticos Eugenio Guzm\u00e1n y Max Colodro analizan lo que se espera en la Cuenta P\u00fablica 2019 del Presidente de la Rep\u00fablica, Sebasti\u00e1n Pi\u00f1era. &nbsp; &nbsp; Las expectativas que hab\u00edan antes del discurso de cuenta publica, el primero en horario prime, Y lo que se espera escuchar por parte del presidente Habla:\u00a0Mauricio Rojas, Historiador, [&hellip;]<\/p>\n","protected":false},"author":22,"featured_media":4478,"comment_status":"open","ping_status":"open","sticky":false,"template":"","format":"standard","meta":{"footnotes":""},"categories":[10162],"tags":[],"class_list":["post-4522","post","type-post","status-publish","format-standard","has-post-thumbnail","hentry","category-centro-en-la-prensa"],"featured_image_url":"https:\/\/gobierno.udd.cl\/cpp\/files\/2019\/06\/Graficas_PoliticasPublicas-03.jpg","_links":{"self":[{"href":"https:\/\/gobierno.udd.cl\/cpp\/wp-json\/wp\/v2\/posts\/4522","targetHints":{"allow":["GET"]}}],"collection":[{"href":"https:\/\/gobierno.udd.cl\/cpp\/wp-json\/wp\/v2\/posts"}],"about":[{"href":"https:\/\/gobierno.udd.cl\/cpp\/wp-json\/wp\/v2\/types\/post"}],"author":[{"embeddable":true,"href":"https:\/\/gobierno.udd.cl\/cpp\/wp-json\/wp\/v2\/users\/22"}],"replies":[{"embeddable":true,"href":"https:\/\/gobierno.udd.cl\/cpp\/wp-json\/wp\/v2\/comments?post=4522"}],"version-history":[{"count":1,"href":"https:\/\/gobierno.udd.cl\/cpp\/wp-json\/wp\/v2\/posts\/4522\/revisions"}],"predecessor-version":[{"id":4523,"href":"https:\/\/gobierno.udd.cl\/cpp\/wp-json\/wp\/v2\/posts\/4522\/revisions\/4523"}],"wp:featuredmedia":[{"embeddable":true,"href":"https:\/\/gobierno.udd.cl\/cpp\/wp-json\/wp\/v2\/media\/4478"}],"wp:attachment":[{"href":"https:\/\/gobierno.udd.cl\/cpp\/wp-json\/wp\/v2\/media?parent=4522"}],"wp:term":[{"taxonomy":"category","embeddable":true,"href":"https:\/\/gobierno.udd.cl\/cpp\/wp-json\/wp\/v2\/categories?post=4522"},{"taxonomy":"post_tag","embeddable":true,"href":"https:\/\/gobierno.udd.cl\/cpp\/wp-json\/wp\/v2\/tags?post=4522"}],"curies":[{"name":"wp","href":"https:\/\/api.w.org\/{rel}","templated":true}]}}