{"id":4516,"date":"2019-06-01T23:33:09","date_gmt":"2019-06-02T03:33:09","guid":{"rendered":"http:\/\/gobierno.udd.cl\/cpp\/?p=4516"},"modified":"2019-06-10T23:44:47","modified_gmt":"2019-06-11T03:44:47","slug":"reacciones-a-la-cuenta-publica-presidencial-la-red","status":"publish","type":"post","link":"https:\/\/gobierno.udd.cl\/cpp\/noticias\/2019\/06\/01\/reacciones-a-la-cuenta-publica-presidencial-la-red\/","title":{"rendered":"Reacciones a la cuenta P\u00fablica presidencial &#8211; La Red"},"content":{"rendered":"<p style=\"text-align: justify;\">An\u00e1lisis punto a punto de la cuenta p\u00fablica presidencial.<\/p>\n<p style=\"text-align: justify;\">Habla:\u00a0Rodrigo Arellano, Vicedecano de la facultad de Gobierno de la Universidad del Desarrollo; Nicol\u00e1s Freire Cientista Politico, Acad\u00e9mico de la Universidad Central; Sebasti\u00e1n Vergara, Secretario general del PPD; Camila Flores, Diputada RN; Andres Allamand, Senador RN; Marcela Cubillos, Ministra de educaci\u00f3n; Flor Motuda, Diputado; Heraldo Mu\u00f1oz; Presidente PPD; Camila Vallejo, Diputada PC;<\/p>\n<p>&nbsp;<\/p>\n<div style=\"width: 640px;\" class=\"wp-video\"><video class=\"wp-video-shortcode\" id=\"video-4516-1\" width=\"640\" height=\"360\" preload=\"metadata\" controls=\"controls\"><source type=\"video\/mp4\" src=\"http:\/\/conectamedia.s3.amazonaws.com\/manual_20190604_9482186.mp4?_=1\" \/><a href=\"http:\/\/conectamedia.s3.amazonaws.com\/manual_20190604_9482186.mp4\">http:\/\/conectamedia.s3.amazonaws.com\/manual_20190604_9482186.mp4<\/a><\/video><\/div>\n<p>&nbsp;<\/p>\n","protected":false},"excerpt":{"rendered":"<p>An\u00e1lisis punto a punto de la cuenta p\u00fablica presidencial. Habla:\u00a0Rodrigo Arellano, Vicedecano de la facultad de Gobierno de la Universidad del Desarrollo; Nicol\u00e1s Freire Cientista Politico, Acad\u00e9mico de la Universidad Central; Sebasti\u00e1n Vergara, Secretario general del PPD; Camila Flores, Diputada RN; Andres Allamand, Senador RN; Marcela Cubillos, Ministra de educaci\u00f3n; Flor Motuda, Diputado; Heraldo Mu\u00f1oz; [&hellip;]<\/p>\n","protected":false},"author":22,"featured_media":4478,"comment_status":"open","ping_status":"open","sticky":false,"template":"","format":"standard","meta":{"footnotes":""},"categories":[10162],"tags":[],"class_list":["post-4516","post","type-post","status-publish","format-standard","has-post-thumbnail","hentry","category-centro-en-la-prensa"],"featured_image_url":"https:\/\/gobierno.udd.cl\/cpp\/files\/2019\/06\/Graficas_PoliticasPublicas-03.jpg","_links":{"self":[{"href":"https:\/\/gobierno.udd.cl\/cpp\/wp-json\/wp\/v2\/posts\/4516","targetHints":{"allow":["GET"]}}],"collection":[{"href":"https:\/\/gobierno.udd.cl\/cpp\/wp-json\/wp\/v2\/posts"}],"about":[{"href":"https:\/\/gobierno.udd.cl\/cpp\/wp-json\/wp\/v2\/types\/post"}],"author":[{"embeddable":true,"href":"https:\/\/gobierno.udd.cl\/cpp\/wp-json\/wp\/v2\/users\/22"}],"replies":[{"embeddable":true,"href":"https:\/\/gobierno.udd.cl\/cpp\/wp-json\/wp\/v2\/comments?post=4516"}],"version-history":[{"count":3,"href":"https:\/\/gobierno.udd.cl\/cpp\/wp-json\/wp\/v2\/posts\/4516\/revisions"}],"predecessor-version":[{"id":4521,"href":"https:\/\/gobierno.udd.cl\/cpp\/wp-json\/wp\/v2\/posts\/4516\/revisions\/4521"}],"wp:featuredmedia":[{"embeddable":true,"href":"https:\/\/gobierno.udd.cl\/cpp\/wp-json\/wp\/v2\/media\/4478"}],"wp:attachment":[{"href":"https:\/\/gobierno.udd.cl\/cpp\/wp-json\/wp\/v2\/media?parent=4516"}],"wp:term":[{"taxonomy":"category","embeddable":true,"href":"https:\/\/gobierno.udd.cl\/cpp\/wp-json\/wp\/v2\/categories?post=4516"},{"taxonomy":"post_tag","embeddable":true,"href":"https:\/\/gobierno.udd.cl\/cpp\/wp-json\/wp\/v2\/tags?post=4516"}],"curies":[{"name":"wp","href":"https:\/\/api.w.org\/{rel}","templated":true}]}}