{"id":4515,"date":"2019-06-03T23:33:07","date_gmt":"2019-06-04T03:33:07","guid":{"rendered":"http:\/\/gobierno.udd.cl\/cpp\/?p=4515"},"modified":"2019-06-10T23:47:08","modified_gmt":"2019-06-11T03:47:08","slug":"gonzalo-muller-cuenta-publica-presidencial-radio-el-conquistador","status":"publish","type":"post","link":"https:\/\/gobierno.udd.cl\/cpp\/noticias\/2019\/06\/03\/gonzalo-muller-cuenta-publica-presidencial-radio-el-conquistador\/","title":{"rendered":"Gonzalo M\u00fcller: cuenta p\u00fablica presidencial &#8211; Radio El Conquistador"},"content":{"rendered":"<p style=\"text-align: justify;\">El Presidente Sebasti\u00e1n Pi\u00f1era inici\u00f3 a eso de las 20:30 de este s\u00e1bado 1 de junio su Cuenta P\u00fablica, la primera que se realiza en horario nocturno, y que tuvo gran audiencia televisiva. En su discurso que se extendi\u00f3 por poco m\u00e1s de dos horas, el mandatario dio cuenta al Congreso Pleno de sus 15 primeros meses de mandato con focos en materias como seguridad ciudadana, igualdad de oportunidades, pol\u00edticas migratorias y crecimiento econ\u00f3mico.<\/p>\n<p style=\"text-align: justify;\">Habla:\u00a0Gonzalo M\u00fcller<\/p>\n<audio class=\"wp-audio-shortcode\" id=\"audio-4515-1\" preload=\"none\" style=\"width: 100%;\" controls=\"controls\"><source type=\"audio\/mpeg\" src=\"http:\/\/conectamedia.s3.amazonaws.com\/a8a5c7106301c14c25d802d45f54d799.mp3?_=1\" \/><a href=\"http:\/\/conectamedia.s3.amazonaws.com\/a8a5c7106301c14c25d802d45f54d799.mp3\">http:\/\/conectamedia.s3.amazonaws.com\/a8a5c7106301c14c25d802d45f54d799.mp3<\/a><\/audio>\n<p>Parte 1<\/p>\n<audio class=\"wp-audio-shortcode\" id=\"audio-4515-2\" preload=\"none\" style=\"width: 100%;\" controls=\"controls\"><source type=\"audio\/mpeg\" src=\"http:\/\/conectamedia.s3.amazonaws.com\/21a3e32b29787c6bd6621ef99414b16a.mp3?_=2\" \/><a href=\"http:\/\/conectamedia.s3.amazonaws.com\/21a3e32b29787c6bd6621ef99414b16a.mp3\">http:\/\/conectamedia.s3.amazonaws.com\/21a3e32b29787c6bd6621ef99414b16a.mp3<\/a><\/audio>\n<p>Parte 2<\/p>\n","protected":false},"excerpt":{"rendered":"<p>El Presidente Sebasti\u00e1n Pi\u00f1era inici\u00f3 a eso de las 20:30 de este s\u00e1bado 1 de junio su Cuenta P\u00fablica, la primera que se realiza en horario nocturno, y que tuvo gran audiencia televisiva. En su discurso que se extendi\u00f3 por poco m\u00e1s de dos horas, el mandatario dio cuenta al Congreso Pleno de sus 15 [&hellip;]<\/p>\n","protected":false},"author":22,"featured_media":4478,"comment_status":"open","ping_status":"open","sticky":false,"template":"","format":"standard","meta":{"footnotes":""},"categories":[10162],"tags":[],"class_list":["post-4515","post","type-post","status-publish","format-standard","has-post-thumbnail","hentry","category-centro-en-la-prensa"],"featured_image_url":"https:\/\/gobierno.udd.cl\/cpp\/files\/2019\/06\/Graficas_PoliticasPublicas-03.jpg","_links":{"self":[{"href":"https:\/\/gobierno.udd.cl\/cpp\/wp-json\/wp\/v2\/posts\/4515","targetHints":{"allow":["GET"]}}],"collection":[{"href":"https:\/\/gobierno.udd.cl\/cpp\/wp-json\/wp\/v2\/posts"}],"about":[{"href":"https:\/\/gobierno.udd.cl\/cpp\/wp-json\/wp\/v2\/types\/post"}],"author":[{"embeddable":true,"href":"https:\/\/gobierno.udd.cl\/cpp\/wp-json\/wp\/v2\/users\/22"}],"replies":[{"embeddable":true,"href":"https:\/\/gobierno.udd.cl\/cpp\/wp-json\/wp\/v2\/comments?post=4515"}],"version-history":[{"count":2,"href":"https:\/\/gobierno.udd.cl\/cpp\/wp-json\/wp\/v2\/posts\/4515\/revisions"}],"predecessor-version":[{"id":4518,"href":"https:\/\/gobierno.udd.cl\/cpp\/wp-json\/wp\/v2\/posts\/4515\/revisions\/4518"}],"wp:featuredmedia":[{"embeddable":true,"href":"https:\/\/gobierno.udd.cl\/cpp\/wp-json\/wp\/v2\/media\/4478"}],"wp:attachment":[{"href":"https:\/\/gobierno.udd.cl\/cpp\/wp-json\/wp\/v2\/media?parent=4515"}],"wp:term":[{"taxonomy":"category","embeddable":true,"href":"https:\/\/gobierno.udd.cl\/cpp\/wp-json\/wp\/v2\/categories?post=4515"},{"taxonomy":"post_tag","embeddable":true,"href":"https:\/\/gobierno.udd.cl\/cpp\/wp-json\/wp\/v2\/tags?post=4515"}],"curies":[{"name":"wp","href":"https:\/\/api.w.org\/{rel}","templated":true}]}}