{"id":4512,"date":"2019-06-05T22:18:55","date_gmt":"2019-06-06T02:18:55","guid":{"rendered":"http:\/\/gobierno.udd.cl\/cpp\/?p=4512"},"modified":"2019-06-10T22:22:55","modified_gmt":"2019-06-11T02:22:55","slug":"directo-al-grano-radio-agricultura","status":"publish","type":"post","link":"https:\/\/gobierno.udd.cl\/cpp\/noticias\/2019\/06\/05\/directo-al-grano-radio-agricultura\/","title":{"rendered":"Directo al grano &#8211; Radio Agricultura"},"content":{"rendered":"<h3 style=\"text-align: justify;\">Anuncios del Presidente Pi\u00f1era para la Regi\u00f3n de La Araucan\u00eda<\/h3>\n<p style=\"text-align: justify;\">Conversaci\u00f3n sobre los avances relacionados a la contingencia y el drama de los agricultores y peque\u00f1os empresarios azotados por el terrorismo y la violencia rural en la regi\u00f3n de La Araucan\u00eda.<\/p>\n<p><b>Habla:<\/b>\u00a0Rosario Moreno, Periodista; Gloria Naveill\u00e1n, Vocera de los agricultores de La Araucan\u00eda; Gonzalo M\u00fcller, Acad\u00e9mico\u00a0<span class=\"highlight\">Universidad<\/span>\u00a0<span class=\"highlight\">del<\/span>\u00a0<span class=\"highlight\">Desarrollo.<\/span><\/p>\n<audio class=\"wp-audio-shortcode\" id=\"audio-4512-1\" preload=\"none\" style=\"width: 100%;\" controls=\"controls\"><source type=\"audio\/mpeg\" src=\"http:\/\/conectamedia.s3.amazonaws.com\/42d742d6c8e30ee534a4fe138014a71b.mp3?_=1\" \/><a href=\"http:\/\/conectamedia.s3.amazonaws.com\/42d742d6c8e30ee534a4fe138014a71b.mp3\">http:\/\/conectamedia.s3.amazonaws.com\/42d742d6c8e30ee534a4fe138014a71b.mp3<\/a><\/audio>\n<p style=\"text-align: justify;\">\n<h3 style=\"text-align: justify;\">Proyecto del 4% de cotizaciones de Monckeberg<\/h3>\n<p style=\"text-align: justify;\">An\u00e1lisis del proyecto de ley que promueve el Ministro Nicol\u00e1s Monckeberg sobre el 4% de cotizaciones a un fondo com\u00fan administrado por el estado.<\/p>\n<p><b><\/b><b>Habla:<\/b>\u00a0Rosario Moreno, Periodista; Gloria Naveill\u00e1n, Vocera de los agricultores de La Araucan\u00eda; Gonzalo M\u00fcller, Acad\u00e9mico\u00a0<span class=\"highlight\">Universidad<\/span>\u00a0<span class=\"highlight\">del<\/span>\u00a0<span class=\"highlight\">Desarrollo<\/span><\/p>\n<p><b>Menci\u00f3n:<\/b>\u00a0Nicol\u00e1s Monckeberg.<\/p>\n<audio class=\"wp-audio-shortcode\" id=\"audio-4512-2\" preload=\"none\" style=\"width: 100%;\" controls=\"controls\"><source type=\"audio\/mpeg\" src=\"http:\/\/conectamedia.s3.amazonaws.com\/a63e983885cb5acd16c8fdfb3ccfce0b.mp3?_=2\" \/><a href=\"http:\/\/conectamedia.s3.amazonaws.com\/a63e983885cb5acd16c8fdfb3ccfce0b.mp3\">http:\/\/conectamedia.s3.amazonaws.com\/a63e983885cb5acd16c8fdfb3ccfce0b.mp3<\/a><\/audio>\n<p style=\"text-align: justify;\">\n<h3 style=\"text-align: justify;\">Anuncios del Presidente Pi\u00f1era para la Regi\u00f3n de La Araucan\u00eda<\/h3>\n<p style=\"text-align: justify;\">Conversaci\u00f3n sobre los avances relacionados a la contingencia y el drama de los agricultores y peque\u00f1os empresarios azotados por el terrorismo y la violencia rural en la regi\u00f3n de La Araucan\u00eda.<\/p>\n<p><b>Habla:<\/b>\u00a0Rosario Moreno, Periodista; Gloria Naveill\u00e1n, Vocera de los agricultores de La Araucan\u00eda; Gonzalo M\u00fcller, Acad\u00e9mico\u00a0<span class=\"highlight\">Universidad<\/span>\u00a0<span class=\"highlight\">del<\/span>\u00a0<span class=\"highlight\">Desarrollo.<\/span><\/p>\n<audio class=\"wp-audio-shortcode\" id=\"audio-4512-3\" preload=\"none\" style=\"width: 100%;\" controls=\"controls\"><source type=\"audio\/mpeg\" src=\"http:\/\/conectamedia.s3.amazonaws.com\/26348765982124e8e1d72c458e7446de.mp3?_=3\" \/><a href=\"http:\/\/conectamedia.s3.amazonaws.com\/26348765982124e8e1d72c458e7446de.mp3\">http:\/\/conectamedia.s3.amazonaws.com\/26348765982124e8e1d72c458e7446de.mp3<\/a><\/audio>\n","protected":false},"excerpt":{"rendered":"<p>Anuncios del Presidente Pi\u00f1era para la Regi\u00f3n de La Araucan\u00eda Conversaci\u00f3n sobre los avances relacionados a la contingencia y el drama de los agricultores y peque\u00f1os empresarios azotados por el terrorismo y la violencia rural en la regi\u00f3n de La Araucan\u00eda. Habla:\u00a0Rosario Moreno, Periodista; Gloria Naveill\u00e1n, Vocera de los agricultores de La Araucan\u00eda; Gonzalo M\u00fcller, [&hellip;]<\/p>\n","protected":false},"author":22,"featured_media":4478,"comment_status":"open","ping_status":"open","sticky":false,"template":"","format":"standard","meta":{"footnotes":""},"categories":[10162],"tags":[],"class_list":["post-4512","post","type-post","status-publish","format-standard","has-post-thumbnail","hentry","category-centro-en-la-prensa"],"featured_image_url":"https:\/\/gobierno.udd.cl\/cpp\/files\/2019\/06\/Graficas_PoliticasPublicas-03.jpg","_links":{"self":[{"href":"https:\/\/gobierno.udd.cl\/cpp\/wp-json\/wp\/v2\/posts\/4512","targetHints":{"allow":["GET"]}}],"collection":[{"href":"https:\/\/gobierno.udd.cl\/cpp\/wp-json\/wp\/v2\/posts"}],"about":[{"href":"https:\/\/gobierno.udd.cl\/cpp\/wp-json\/wp\/v2\/types\/post"}],"author":[{"embeddable":true,"href":"https:\/\/gobierno.udd.cl\/cpp\/wp-json\/wp\/v2\/users\/22"}],"replies":[{"embeddable":true,"href":"https:\/\/gobierno.udd.cl\/cpp\/wp-json\/wp\/v2\/comments?post=4512"}],"version-history":[{"count":1,"href":"https:\/\/gobierno.udd.cl\/cpp\/wp-json\/wp\/v2\/posts\/4512\/revisions"}],"predecessor-version":[{"id":4513,"href":"https:\/\/gobierno.udd.cl\/cpp\/wp-json\/wp\/v2\/posts\/4512\/revisions\/4513"}],"wp:featuredmedia":[{"embeddable":true,"href":"https:\/\/gobierno.udd.cl\/cpp\/wp-json\/wp\/v2\/media\/4478"}],"wp:attachment":[{"href":"https:\/\/gobierno.udd.cl\/cpp\/wp-json\/wp\/v2\/media?parent=4512"}],"wp:term":[{"taxonomy":"category","embeddable":true,"href":"https:\/\/gobierno.udd.cl\/cpp\/wp-json\/wp\/v2\/categories?post=4512"},{"taxonomy":"post_tag","embeddable":true,"href":"https:\/\/gobierno.udd.cl\/cpp\/wp-json\/wp\/v2\/tags?post=4512"}],"curies":[{"name":"wp","href":"https:\/\/api.w.org\/{rel}","templated":true}]}}