{"id":4509,"date":"2019-06-05T22:12:40","date_gmt":"2019-06-06T02:12:40","guid":{"rendered":"http:\/\/gobierno.udd.cl\/cpp\/?p=4509"},"modified":"2019-06-10T22:17:25","modified_gmt":"2019-06-11T02:17:25","slug":"seccion-hora-10-radio-agricultura-2","status":"publish","type":"post","link":"https:\/\/gobierno.udd.cl\/cpp\/noticias\/2019\/06\/05\/seccion-hora-10-radio-agricultura-2\/","title":{"rendered":"Secci\u00f3n Hora 10 &#8211; Radio Agricultura"},"content":{"rendered":"<h3 style=\"text-align: justify;\">Crisis al interior de Contralor\u00eda y cuestionamientos a la labor de Jorge Bermudez<\/h3>\n<p style=\"text-align: justify;\">La Contralor\u00eda General de la Rep\u00fablica neg\u00f3 que el despido de tres altos funcionarios de la Divisi\u00f3n de An\u00e1lisis Contable sea una represalia a las denuncias por supuestas irregularidades en el c\u00e1lculo de los d\u00e9ficits en los municipios. Este mi\u00e9rcoles el contralor Jorge Berm\u00fadez asistir\u00e1 a la comisi\u00f3n de Constituci\u00f3n de la C\u00e1mara, para explicar el conflicto e intentar frenar las intenciones de crear una comisi\u00f3n investigadora.<\/p>\n<p><b>Habla:<\/b>\u00a0Pablo Valderrama, director ejecutivo de Idea Pa\u00eds; Guillermo Holzmann, director de Analytika.com; Rodrigo Arellano, vice decano de la Facultad de Gobierno de la\u00a0<span class=\"highlight\">Universidad<\/span>\u00a0<span class=\"highlight\">de<\/span><span class=\"highlight\">l\u00a0<\/span><span class=\"highlight\">Desarrollo.\u00a0<\/span><\/p>\n<p><strong>PARTE 1<\/strong><\/p>\n<audio class=\"wp-audio-shortcode\" id=\"audio-4509-1\" preload=\"none\" style=\"width: 100%;\" controls=\"controls\"><source type=\"audio\/mpeg\" src=\"http:\/\/conectamedia.s3.amazonaws.com\/45efae7ded42bccc648784f5f290cd63.mp3?_=1\" \/><a href=\"http:\/\/conectamedia.s3.amazonaws.com\/45efae7ded42bccc648784f5f290cd63.mp3\">http:\/\/conectamedia.s3.amazonaws.com\/45efae7ded42bccc648784f5f290cd63.mp3<\/a><\/audio>\n<p><strong>PARTE 2<\/strong><\/p>\n<audio class=\"wp-audio-shortcode\" id=\"audio-4509-2\" preload=\"none\" style=\"width: 100%;\" controls=\"controls\"><source type=\"audio\/mpeg\" src=\"http:\/\/conectamedia.s3.amazonaws.com\/aca8c6685783d3f72cf74957e36d0058.mp3?_=2\" \/><a href=\"http:\/\/conectamedia.s3.amazonaws.com\/aca8c6685783d3f72cf74957e36d0058.mp3\">http:\/\/conectamedia.s3.amazonaws.com\/aca8c6685783d3f72cf74957e36d0058.mp3<\/a><\/audio>\n<h3><\/h3>\n<h3 style=\"text-align: justify;\">C\u00e1mara de Diputados aprob\u00f3 ley de cuotas para las elecciones municipales y de gobernadores<\/h3>\n<p style=\"text-align: justify;\">La C\u00e1mara de Diputados aprob\u00f3 durante este martes el proyecto de ley de cuotas de g\u00e9nero para las elecciones municipales (alcaldes y concejales) y de gobernadores regionales.<\/p>\n<p><b>Habla:<\/b>\u00a0Pablo Valderrama, director ejecutivo de Idea Pa\u00eds; Guillermo Holzmann, director de Analytika.com; Rodrigo Arellano, vice decano de la Facultad de Gobierno de la\u00a0<span class=\"highlight\">Universidad<\/span>\u00a0<span class=\"highlight\">del\u00a0<\/span><span class=\"highlight\">Desarrollo.<\/span><\/p>\n<p><strong>PARTE 1<\/strong><\/p>\n<audio class=\"wp-audio-shortcode\" id=\"audio-4509-3\" preload=\"none\" style=\"width: 100%;\" controls=\"controls\"><source type=\"audio\/mpeg\" src=\"http:\/\/conectamedia.s3.amazonaws.com\/1a5fb732773b95fc1f61fe796014d413.mp3?_=3\" \/><a href=\"http:\/\/conectamedia.s3.amazonaws.com\/1a5fb732773b95fc1f61fe796014d413.mp3\">http:\/\/conectamedia.s3.amazonaws.com\/1a5fb732773b95fc1f61fe796014d413.mp3<\/a><\/audio>\n<p><strong>PARTE 2<\/strong><\/p>\n<audio class=\"wp-audio-shortcode\" id=\"audio-4509-4\" preload=\"none\" style=\"width: 100%;\" controls=\"controls\"><source type=\"audio\/mpeg\" src=\"http:\/\/conectamedia.s3.amazonaws.com\/98d643a625e2483654b414fefdf98f51.mp3?_=4\" \/><a href=\"http:\/\/conectamedia.s3.amazonaws.com\/98d643a625e2483654b414fefdf98f51.mp3\">http:\/\/conectamedia.s3.amazonaws.com\/98d643a625e2483654b414fefdf98f51.mp3<\/a><\/audio>\n","protected":false},"excerpt":{"rendered":"<p>Crisis al interior de Contralor\u00eda y cuestionamientos a la labor de Jorge Bermudez La Contralor\u00eda General de la Rep\u00fablica neg\u00f3 que el despido de tres altos funcionarios de la Divisi\u00f3n de An\u00e1lisis Contable sea una represalia a las denuncias por supuestas irregularidades en el c\u00e1lculo de los d\u00e9ficits en los municipios. Este mi\u00e9rcoles el contralor [&hellip;]<\/p>\n","protected":false},"author":22,"featured_media":4478,"comment_status":"open","ping_status":"open","sticky":false,"template":"","format":"standard","meta":{"footnotes":""},"categories":[10162],"tags":[],"class_list":["post-4509","post","type-post","status-publish","format-standard","has-post-thumbnail","hentry","category-centro-en-la-prensa"],"featured_image_url":"https:\/\/gobierno.udd.cl\/cpp\/files\/2019\/06\/Graficas_PoliticasPublicas-03.jpg","_links":{"self":[{"href":"https:\/\/gobierno.udd.cl\/cpp\/wp-json\/wp\/v2\/posts\/4509","targetHints":{"allow":["GET"]}}],"collection":[{"href":"https:\/\/gobierno.udd.cl\/cpp\/wp-json\/wp\/v2\/posts"}],"about":[{"href":"https:\/\/gobierno.udd.cl\/cpp\/wp-json\/wp\/v2\/types\/post"}],"author":[{"embeddable":true,"href":"https:\/\/gobierno.udd.cl\/cpp\/wp-json\/wp\/v2\/users\/22"}],"replies":[{"embeddable":true,"href":"https:\/\/gobierno.udd.cl\/cpp\/wp-json\/wp\/v2\/comments?post=4509"}],"version-history":[{"count":2,"href":"https:\/\/gobierno.udd.cl\/cpp\/wp-json\/wp\/v2\/posts\/4509\/revisions"}],"predecessor-version":[{"id":4511,"href":"https:\/\/gobierno.udd.cl\/cpp\/wp-json\/wp\/v2\/posts\/4509\/revisions\/4511"}],"wp:featuredmedia":[{"embeddable":true,"href":"https:\/\/gobierno.udd.cl\/cpp\/wp-json\/wp\/v2\/media\/4478"}],"wp:attachment":[{"href":"https:\/\/gobierno.udd.cl\/cpp\/wp-json\/wp\/v2\/media?parent=4509"}],"wp:term":[{"taxonomy":"category","embeddable":true,"href":"https:\/\/gobierno.udd.cl\/cpp\/wp-json\/wp\/v2\/categories?post=4509"},{"taxonomy":"post_tag","embeddable":true,"href":"https:\/\/gobierno.udd.cl\/cpp\/wp-json\/wp\/v2\/tags?post=4509"}],"curies":[{"name":"wp","href":"https:\/\/api.w.org\/{rel}","templated":true}]}}