{"id":4507,"date":"2019-06-05T22:09:03","date_gmt":"2019-06-06T02:09:03","guid":{"rendered":"http:\/\/gobierno.udd.cl\/cpp\/?p=4507"},"modified":"2019-06-10T22:10:34","modified_gmt":"2019-06-11T02:10:34","slug":"chadwick-se-despliega-en-el-congreso-por-el-sexto-acuerdo-nacional-radio-agricultura","status":"publish","type":"post","link":"https:\/\/gobierno.udd.cl\/cpp\/noticias\/2019\/06\/05\/chadwick-se-despliega-en-el-congreso-por-el-sexto-acuerdo-nacional-radio-agricultura\/","title":{"rendered":"Chadwick se despliega en el Congreso por el sexto \u00abacuerdo nacional\u00bb &#8211; Radio Agricultura"},"content":{"rendered":"<p style=\"text-align: justify;\">El ministro del Interior, Andr\u00e9s Chadwick, comenz\u00f3 ayer los primeros acercamientos con la Corte Suprema y la Contralor\u00eda, para un eventual acuerdo nacional de fortalecimiento de las instituciones del Estado, cuestionadas por una serie de presuntos actos de corrupci\u00f3n. Desde la oposici\u00f3n se mostraron abiertos al di\u00e1logo, siempre que La Moneda considere cambios dr\u00e1sticos y no un mero maquillaje.<\/p>\n<p><b>Habla:<\/b>\u00a0Pablo Valderrama, director ejecutivo de Idea Pa\u00eds; Guillermo Holzmann, director de Analytika.com; Rodrigo Arellano, vicedecano de la Facultad de Gobierno de la\u00a0<span class=\"highlight\">Universidad<\/span>\u00a0<span class=\"highlight\">del\u00a0<\/span><span class=\"highlight\">Desarrollo.<\/span><\/p>\n<p><b>Menci\u00f3n:<\/b>\u00a0Frente Amplio.<\/p>\n<audio class=\"wp-audio-shortcode\" id=\"audio-4507-1\" preload=\"none\" style=\"width: 100%;\" controls=\"controls\"><source type=\"audio\/mpeg\" src=\"http:\/\/conectamedia.s3.amazonaws.com\/cedb57a228353b284b1ce54c8cdb4c51.mp3?_=1\" \/><a href=\"http:\/\/conectamedia.s3.amazonaws.com\/cedb57a228353b284b1ce54c8cdb4c51.mp3\">http:\/\/conectamedia.s3.amazonaws.com\/cedb57a228353b284b1ce54c8cdb4c51.mp3<\/a><\/audio>\n","protected":false},"excerpt":{"rendered":"<p>El ministro del Interior, Andr\u00e9s Chadwick, comenz\u00f3 ayer los primeros acercamientos con la Corte Suprema y la Contralor\u00eda, para un eventual acuerdo nacional de fortalecimiento de las instituciones del Estado, cuestionadas por una serie de presuntos actos de corrupci\u00f3n. Desde la oposici\u00f3n se mostraron abiertos al di\u00e1logo, siempre que La Moneda considere cambios dr\u00e1sticos y [&hellip;]<\/p>\n","protected":false},"author":22,"featured_media":4478,"comment_status":"open","ping_status":"open","sticky":false,"template":"","format":"standard","meta":{"footnotes":""},"categories":[10162],"tags":[],"class_list":["post-4507","post","type-post","status-publish","format-standard","has-post-thumbnail","hentry","category-centro-en-la-prensa"],"featured_image_url":"https:\/\/gobierno.udd.cl\/cpp\/files\/2019\/06\/Graficas_PoliticasPublicas-03.jpg","_links":{"self":[{"href":"https:\/\/gobierno.udd.cl\/cpp\/wp-json\/wp\/v2\/posts\/4507","targetHints":{"allow":["GET"]}}],"collection":[{"href":"https:\/\/gobierno.udd.cl\/cpp\/wp-json\/wp\/v2\/posts"}],"about":[{"href":"https:\/\/gobierno.udd.cl\/cpp\/wp-json\/wp\/v2\/types\/post"}],"author":[{"embeddable":true,"href":"https:\/\/gobierno.udd.cl\/cpp\/wp-json\/wp\/v2\/users\/22"}],"replies":[{"embeddable":true,"href":"https:\/\/gobierno.udd.cl\/cpp\/wp-json\/wp\/v2\/comments?post=4507"}],"version-history":[{"count":1,"href":"https:\/\/gobierno.udd.cl\/cpp\/wp-json\/wp\/v2\/posts\/4507\/revisions"}],"predecessor-version":[{"id":4508,"href":"https:\/\/gobierno.udd.cl\/cpp\/wp-json\/wp\/v2\/posts\/4507\/revisions\/4508"}],"wp:featuredmedia":[{"embeddable":true,"href":"https:\/\/gobierno.udd.cl\/cpp\/wp-json\/wp\/v2\/media\/4478"}],"wp:attachment":[{"href":"https:\/\/gobierno.udd.cl\/cpp\/wp-json\/wp\/v2\/media?parent=4507"}],"wp:term":[{"taxonomy":"category","embeddable":true,"href":"https:\/\/gobierno.udd.cl\/cpp\/wp-json\/wp\/v2\/categories?post=4507"},{"taxonomy":"post_tag","embeddable":true,"href":"https:\/\/gobierno.udd.cl\/cpp\/wp-json\/wp\/v2\/tags?post=4507"}],"curies":[{"name":"wp","href":"https:\/\/api.w.org\/{rel}","templated":true}]}}