{"id":4497,"date":"2019-06-04T21:37:22","date_gmt":"2019-06-05T01:37:22","guid":{"rendered":"http:\/\/gobierno.udd.cl\/cpp\/?p=4497"},"modified":"2019-06-10T21:41:02","modified_gmt":"2019-06-11T01:41:02","slug":"diputado-jurgensen-menores-no-tienen-nada-que-hacer-en-la-calle-de-noche-hay-que-establecer-limites-y-horarios-semanario-local","status":"publish","type":"post","link":"https:\/\/gobierno.udd.cl\/cpp\/noticias\/2019\/06\/04\/diputado-jurgensen-menores-no-tienen-nada-que-hacer-en-la-calle-de-noche-hay-que-establecer-limites-y-horarios-semanario-local\/","title":{"rendered":"Diputado J\u00fcrgensen: \u00abMenores no tienen nada que hacer en la calle de noche, hay que establecer limites y horarios\u00bb. &#8211; Semanario Local"},"content":{"rendered":"<p style=\"text-align: justify;\">\u00ab\u00bfQue hace un menor de edad a las dos de la ma\u00f1ana en la calle?\u00bb.\u00a0 Es el cuestionamiento que hace el parlamentario Harry J\u00fcrgensen del Distrito 25 a la hora de defender el proyecto de ley Horario Protegido presentado junto a un grupo de diputados el 17 de abril de este a\u00f1o.<\/p>\n<p style=\"text-align: justify;\">La iniciativa busca restringir la circulaci\u00f3n por la v\u00eda p\u00fablica en horario de entre las 00:00 a 6:00 horas a menores de edad que se encuentren sin un adulto responsable que justifique su presencia en la calle.\u00a0 La moci\u00f3n no solo limita el horario sino que establece multas que podr\u00eda alcanzar los $193 mil pesos si los adultos responsables a cargo del menor no pueden justificar su presencia fuera del hogar en el horario indicado.<\/p>\n<p style=\"text-align: justify;\">Lo que la medida busca es entregar nuevas herramienta a las polic\u00edas que les permita evitar que menores se vean involucrados o sean utilizado por la delincuencia organizada en la comisi\u00f3n de diferentes hechos delictivos. \u00abAl ser menores de edad est\u00e1n afectos a penas m\u00e1s bajas cuando son descubierto frente a un il\u00edcito, por lo que para el delincuente avezado resulta interesante incluirlos en las acciones de este tipo\u00bb, explica J\u00fcrgensen.<\/p>\n<p style=\"text-align: justify;\">La discusi\u00f3n en torno a la pol\u00e9mica iniciativa se reactivo durante la jornada del viernes luego que El Mercurio citara una encuesta del Panel Ciudadano, de la Facultad de Gobierno de la\u00a0<span class=\"highlight\">Universidad<\/span>\u00a0<span class=\"highlight\">del<\/span>\u00a0<span class=\"highlight\">Desarrollo<\/span>\u00a0que indica altos \u00edndices de aprobaci\u00f3n a la medida llegando a un 75% de los encuestados. Siendo los sectores socioecon\u00f3micos m\u00e1s bajos quienes dan un mayor respaldo a la iniciativa alcanzando al 79%.<\/p>\n<p style=\"text-align: justify;\">Consultado el Diputado J\u00fcrgensen al respecto se\u00f1alo que la encuesta respalda la iniciativa presentada y da cuenta que hay sinton\u00eda fina entre la ciudadan\u00eda y el proyecto de ley : \u00abEstamos frente a un tema altamente preocupante que afecta a los sectores m\u00e1s vulnerables y que requiere de acciones concretas y no ideologizadas ni descontextualizadas pol\u00edticamente\u00bb, indico el parlamentario.<\/p>\n<p style=\"text-align: justify;\">\u00abNo es normal que ni\u00f1os y j\u00f3venes anden solos por la calle a la mitad de la noche. No es normal que ni\u00f1os y j\u00f3venes participen de robos y hurtos.<\/p>\n<p style=\"text-align: justify;\">Con estas medidas, vamos a recuperar la normalidad y vamos a aislar a los delincuentes que se aprovechan del miedo y que abusan de nuestra libertad\u00bb, indico el parlamentario por el Distrito 25.<\/p>\n<p><a href=\"https:\/\/gobierno.udd.cl\/cpp\/files\/2019\/06\/791135a7275c35de6340fed1a3a26394.jpg\"><img loading=\"lazy\" decoding=\"async\" class=\"alignnone size-medium wp-image-4498 aligncenter\" src=\"https:\/\/gobierno.udd.cl\/cpp\/files\/2019\/06\/791135a7275c35de6340fed1a3a26394-182x300.jpg\" alt=\"\" width=\"182\" height=\"300\" srcset=\"https:\/\/gobierno.udd.cl\/cpp\/files\/2019\/06\/791135a7275c35de6340fed1a3a26394-182x300.jpg 182w, https:\/\/gobierno.udd.cl\/cpp\/files\/2019\/06\/791135a7275c35de6340fed1a3a26394-768x1266.jpg 768w, https:\/\/gobierno.udd.cl\/cpp\/files\/2019\/06\/791135a7275c35de6340fed1a3a26394-621x1024.jpg 621w, https:\/\/gobierno.udd.cl\/cpp\/files\/2019\/06\/791135a7275c35de6340fed1a3a26394-582x960.jpg 582w, https:\/\/gobierno.udd.cl\/cpp\/files\/2019\/06\/791135a7275c35de6340fed1a3a26394.jpg 1400w\" sizes=\"auto, (max-width: 182px) 100vw, 182px\" \/><\/a><\/p>\n","protected":false},"excerpt":{"rendered":"<p>\u00ab\u00bfQue hace un menor de edad a las dos de la ma\u00f1ana en la calle?\u00bb.\u00a0 Es el cuestionamiento que hace el parlamentario Harry J\u00fcrgensen del Distrito 25 a la hora de defender el proyecto de ley Horario Protegido presentado junto a un grupo de diputados el 17 de abril de este a\u00f1o. La iniciativa busca [&hellip;]<\/p>\n","protected":false},"author":22,"featured_media":4478,"comment_status":"open","ping_status":"open","sticky":false,"template":"","format":"standard","meta":{"footnotes":""},"categories":[10162],"tags":[],"class_list":["post-4497","post","type-post","status-publish","format-standard","has-post-thumbnail","hentry","category-centro-en-la-prensa"],"featured_image_url":"https:\/\/gobierno.udd.cl\/cpp\/files\/2019\/06\/Graficas_PoliticasPublicas-03.jpg","_links":{"self":[{"href":"https:\/\/gobierno.udd.cl\/cpp\/wp-json\/wp\/v2\/posts\/4497","targetHints":{"allow":["GET"]}}],"collection":[{"href":"https:\/\/gobierno.udd.cl\/cpp\/wp-json\/wp\/v2\/posts"}],"about":[{"href":"https:\/\/gobierno.udd.cl\/cpp\/wp-json\/wp\/v2\/types\/post"}],"author":[{"embeddable":true,"href":"https:\/\/gobierno.udd.cl\/cpp\/wp-json\/wp\/v2\/users\/22"}],"replies":[{"embeddable":true,"href":"https:\/\/gobierno.udd.cl\/cpp\/wp-json\/wp\/v2\/comments?post=4497"}],"version-history":[{"count":2,"href":"https:\/\/gobierno.udd.cl\/cpp\/wp-json\/wp\/v2\/posts\/4497\/revisions"}],"predecessor-version":[{"id":4500,"href":"https:\/\/gobierno.udd.cl\/cpp\/wp-json\/wp\/v2\/posts\/4497\/revisions\/4500"}],"wp:featuredmedia":[{"embeddable":true,"href":"https:\/\/gobierno.udd.cl\/cpp\/wp-json\/wp\/v2\/media\/4478"}],"wp:attachment":[{"href":"https:\/\/gobierno.udd.cl\/cpp\/wp-json\/wp\/v2\/media?parent=4497"}],"wp:term":[{"taxonomy":"category","embeddable":true,"href":"https:\/\/gobierno.udd.cl\/cpp\/wp-json\/wp\/v2\/categories?post=4497"},{"taxonomy":"post_tag","embeddable":true,"href":"https:\/\/gobierno.udd.cl\/cpp\/wp-json\/wp\/v2\/tags?post=4497"}],"curies":[{"name":"wp","href":"https:\/\/api.w.org\/{rel}","templated":true}]}}