{"id":4493,"date":"2019-06-10T21:35:52","date_gmt":"2019-06-11T01:35:52","guid":{"rendered":"http:\/\/gobierno.udd.cl\/cpp\/?p=4493"},"modified":"2019-06-10T21:36:50","modified_gmt":"2019-06-11T01:36:50","slug":"analistas-por-crisis-de-las-instituciones-el-actual-ministro-del-interior-no-puede-liderar-el-proceso-publimetro","status":"publish","type":"post","link":"https:\/\/gobierno.udd.cl\/cpp\/noticias\/2019\/06\/10\/analistas-por-crisis-de-las-instituciones-el-actual-ministro-del-interior-no-puede-liderar-el-proceso-publimetro\/","title":{"rendered":"Analistas por crisis de las instituciones: \u00abEl actual Ministro del Interior no puede liderar el proceso\u00bb &#8211; Publimetro"},"content":{"rendered":"<div class=\"col-md-6\">\n<p style=\"text-align: justify;\">Durante la \u00faltima Cuenta P\u00fablica realizada por el Presidente Sebasti\u00e1n Pi\u00f1era, el mandatario anunci\u00f3 que convocar\u00e1 a un \u201cAcuerdo Nacional y Transversal, que liderar\u00e1 el ministro del Interior, para mejorar y fortalecer la calidad de nuestra pol\u00edtica y de nuestras instituciones republicanas, con el prop\u00f3sito de fortalecer y renovar las confianzas de la ciudadan\u00eda en ellas, lo que es fundamental para la buena marcha de nuestra Rep\u00fablica\u201d.<\/p>\n<p style=\"text-align: justify;\">De esta manera, Pi\u00f1era busca poner freno a una crisis de las instituciones, en la que \u00e9l, como la figura del Presidente, tambi\u00e9n se ha visto golpeado. Una encuesta de la facultad de gobierno de la\u00a0<span class=\"highlight\">Universidad<\/span>\u00a0<span class=\"highlight\">del<\/span>\u00a0<span class=\"highlight\">Desarrollo<\/span>\u00a0destac\u00f3 el mes pasado que el 81% de los chilenos cree que las instituciones est\u00e1n en crisis.\u00a0\u00bfLas peor evaluadas? La Iglesia Cat\u00f3lica, el Poder Judicial y Carabineros.<\/p>\n<p style=\"text-align: justify;\"><strong>Las instituciones involucradas<\/strong><\/p>\n<p style=\"text-align: justify;\">Pero son varias instituciones, y autoridades relevantes, las que se han visto golpeadas por pol\u00e9micas en los \u00faltimos meses y que alimentan esta tendencia. El viaje de los hijos del Presidente Pi\u00f1era a China, los casos del Ministerio P\u00fablico y los fiscales Arias y Moya, el caso Catrillanca con Carabineros y el Ministro Chadwick, los continuos casos de abusos sexuales al Interior de la Iglesia Cat\u00f3lica y m\u00e1s.<\/p>\n<p style=\"text-align: justify;\">En los \u00faltimos meses, distintos casos han golpeado al\u00a0Presidente, Ministro del Interior, Gobierno en general, Fiscal\u00eda, Poder Judicial, Iglesia Cat\u00f3lica, Carabineros, Parlamento y Partidos Pol\u00edticos.<\/p>\n<p style=\"text-align: justify;\">En este sentido, Daniel Ib\u00e1\u00f1ez, abogado y presidente de Fundaci\u00f3n Participa explic\u00f3 a Publimetro que \u00ablamentablemente esta situaci\u00f3n no se recupera por decretos y acuerdos\u00bb. Sobre la propuesta del Mandatario, Ib\u00e1\u00f1ez a\u00f1adi\u00f3 que \u00abChadwick no es la persona id\u00f3nea para liderar ese proceso tampoco.\u00a0Menos despu\u00e9s del caso Catrillanca y de su v\u00ednculo el caso de Rancagua\u00bb.<\/p>\n<p style=\"text-align: justify;\"><strong>No lo puede solucionar alguien involucrado\u00a0<\/strong><\/p>\n<p style=\"text-align: justify;\">Isabel D\u00edaz, soci\u00f3loga de la Universidad Central, concuerda y a\u00f1ade que \u00abla crisis de las instituciones que observamos actualmente ser\u00e1 dif\u00edcil de remediar, porque las autoridades que hoy est\u00e1n en el poder, como el Presidente y el Ministro del Interior, est\u00e1n demasiado involucrados\u00bb.<\/p>\n<p style=\"text-align: justify;\">\u00abEs cosa de ver los casos de nepotismo, el viaje de los hijos de Pi\u00f1era a China y el reciente caso de la casa de Caburga. Si bien, el caso del Ministerio P\u00fablico o los casos donde se involucran fondos p\u00fablicos son a\u00fan m\u00e1s graves. \u00bfCu\u00e1nto m\u00e1s de esto pasar\u00e1 en el tiempo que queda de este Gobierno?\u00bb, a\u00f1adi\u00f3.<\/p>\n<p style=\"text-align: justify;\">\u00abLos casos de corrupci\u00f3n se vienen arrastrando de antes, y el fen\u00f3meno toca a todo el mundo pol\u00edtico. Pero dudo que se solucione en el corto plazo, mientras los actores pol\u00edticos sigan siendo los mismos\u00bb, sostuvo la profesional. \u00abTodos los partidos necesitan cambio de liderazgos, renovar la pol\u00edtica con personas que lo vean como tal y no como una v\u00eda para obtener recursos\u00bb, a\u00f1adi\u00f3 Daniel Ib\u00e1\u00f1ez.<\/p>\n<p><a href=\"https:\/\/gobierno.udd.cl\/cpp\/files\/2019\/06\/e8c278257a71d783846f74fb97d6dfa5.jpg\"><img loading=\"lazy\" decoding=\"async\" class=\"size-medium wp-image-4494 aligncenter\" src=\"https:\/\/gobierno.udd.cl\/cpp\/files\/2019\/06\/e8c278257a71d783846f74fb97d6dfa5-86x300.jpg\" alt=\"\" width=\"86\" height=\"300\" srcset=\"https:\/\/gobierno.udd.cl\/cpp\/files\/2019\/06\/e8c278257a71d783846f74fb97d6dfa5-86x300.jpg 86w, https:\/\/gobierno.udd.cl\/cpp\/files\/2019\/06\/e8c278257a71d783846f74fb97d6dfa5-768x2678.jpg 768w, https:\/\/gobierno.udd.cl\/cpp\/files\/2019\/06\/e8c278257a71d783846f74fb97d6dfa5-294x1024.jpg 294w, https:\/\/gobierno.udd.cl\/cpp\/files\/2019\/06\/e8c278257a71d783846f74fb97d6dfa5-275x960.jpg 275w, https:\/\/gobierno.udd.cl\/cpp\/files\/2019\/06\/e8c278257a71d783846f74fb97d6dfa5.jpg 1385w\" sizes=\"auto, (max-width: 86px) 100vw, 86px\" \/><\/a><\/p>\n<\/div>\n","protected":false},"excerpt":{"rendered":"<p>El Presidente hab\u00eda propuesto que el Ministro Chadwick liderara un acuerdo para intentar darle soluci\u00f3n a esta crisis. Seg\u00fan los analistas consultados, la situaci\u00f3n involucra a demasiados actores pol\u00edticos que no dar\u00edan la seguridad de limpiar realmente la corrupci\u00f3n que gener\u00f3 la crisis.<\/p>\n","protected":false},"author":22,"featured_media":4478,"comment_status":"open","ping_status":"open","sticky":false,"template":"","format":"standard","meta":{"footnotes":""},"categories":[10162],"tags":[],"class_list":["post-4493","post","type-post","status-publish","format-standard","has-post-thumbnail","hentry","category-centro-en-la-prensa"],"featured_image_url":"https:\/\/gobierno.udd.cl\/cpp\/files\/2019\/06\/Graficas_PoliticasPublicas-03.jpg","_links":{"self":[{"href":"https:\/\/gobierno.udd.cl\/cpp\/wp-json\/wp\/v2\/posts\/4493","targetHints":{"allow":["GET"]}}],"collection":[{"href":"https:\/\/gobierno.udd.cl\/cpp\/wp-json\/wp\/v2\/posts"}],"about":[{"href":"https:\/\/gobierno.udd.cl\/cpp\/wp-json\/wp\/v2\/types\/post"}],"author":[{"embeddable":true,"href":"https:\/\/gobierno.udd.cl\/cpp\/wp-json\/wp\/v2\/users\/22"}],"replies":[{"embeddable":true,"href":"https:\/\/gobierno.udd.cl\/cpp\/wp-json\/wp\/v2\/comments?post=4493"}],"version-history":[{"count":2,"href":"https:\/\/gobierno.udd.cl\/cpp\/wp-json\/wp\/v2\/posts\/4493\/revisions"}],"predecessor-version":[{"id":4496,"href":"https:\/\/gobierno.udd.cl\/cpp\/wp-json\/wp\/v2\/posts\/4493\/revisions\/4496"}],"wp:featuredmedia":[{"embeddable":true,"href":"https:\/\/gobierno.udd.cl\/cpp\/wp-json\/wp\/v2\/media\/4478"}],"wp:attachment":[{"href":"https:\/\/gobierno.udd.cl\/cpp\/wp-json\/wp\/v2\/media?parent=4493"}],"wp:term":[{"taxonomy":"category","embeddable":true,"href":"https:\/\/gobierno.udd.cl\/cpp\/wp-json\/wp\/v2\/categories?post=4493"},{"taxonomy":"post_tag","embeddable":true,"href":"https:\/\/gobierno.udd.cl\/cpp\/wp-json\/wp\/v2\/tags?post=4493"}],"curies":[{"name":"wp","href":"https:\/\/api.w.org\/{rel}","templated":true}]}}