{"id":4476,"date":"2019-05-31T01:16:08","date_gmt":"2019-05-31T05:16:08","guid":{"rendered":"http:\/\/gobierno.udd.cl\/cpp\/?p=4476"},"modified":"2019-06-10T17:15:25","modified_gmt":"2019-06-10T21:15:25","slug":"entrevista-a-yun-tso-lee-academico-udd-acerca-de-las-guerras-comerciales-de-eeuu-mega-plus","status":"publish","type":"post","link":"https:\/\/gobierno.udd.cl\/cpp\/noticias\/2019\/05\/31\/entrevista-a-yun-tso-lee-academico-udd-acerca-de-las-guerras-comerciales-de-eeuu-mega-plus\/","title":{"rendered":"Entrevista a Yun Tso Lee, acad\u00e9mico UDD, acerca de las guerras comerciales de EEUU &#8211; Mega Plus"},"content":{"rendered":"<p style=\"text-align: justify;\">Entrevista a Yun Tso Lee -acad\u00e9mico UDD- acerca de las guerras comerciales de EEUU : los expertos Yun Tso Lee -director del Centro de Estudios de Relaciones Internacionales UDD- y Jos\u00e9 Luis Parra -acad\u00e9mico UC- aportan sus miradas sobre el conflicto que involucra a la tecnolog\u00eda y tiene en la mira de Donald Trump a China y -recientemente- tambi\u00e9n a M\u00e9xico.<\/p>\n<p style=\"text-align: justify;\">Menci\u00f3n: UDD\u00a0 , Universidad Del Desarrollo, Universidad de los Andes<\/p>\n<div style=\"width: 640px;\" class=\"wp-video\"><video class=\"wp-video-shortcode\" id=\"video-4476-1\" width=\"640\" height=\"360\" preload=\"metadata\" controls=\"controls\"><source type=\"video\/mp4\" src=\"http:\/\/conectamedia.s3.amazonaws.com\/72d3c83ae7de28af6377c24f38ddba81.mp4?_=1\" \/><a href=\"http:\/\/conectamedia.s3.amazonaws.com\/72d3c83ae7de28af6377c24f38ddba81.mp4\">http:\/\/conectamedia.s3.amazonaws.com\/72d3c83ae7de28af6377c24f38ddba81.mp4<\/a><\/video><\/div>\n<p>&nbsp;<\/p>\n<div style=\"width: 640px;\" class=\"wp-video\"><video class=\"wp-video-shortcode\" id=\"video-4476-2\" width=\"640\" height=\"360\" preload=\"metadata\" controls=\"controls\"><source type=\"video\/mp4\" src=\"http:\/\/conectamedia.s3.amazonaws.com\/629b307227dd1c70d02f474ccfbccc02.mp4?_=2\" \/><a href=\"http:\/\/conectamedia.s3.amazonaws.com\/629b307227dd1c70d02f474ccfbccc02.mp4\">http:\/\/conectamedia.s3.amazonaws.com\/629b307227dd1c70d02f474ccfbccc02.mp4<\/a><\/video><\/div>\n","protected":false},"excerpt":{"rendered":"<p>Entrevista a Yun Tso Lee -acad\u00e9mico UDD- acerca de las guerras comerciales de EEUU : los expertos Yun Tso Lee -director del Centro de Estudios de Relaciones Internacionales UDD- y Jos\u00e9 Luis Parra -acad\u00e9mico UC- aportan sus miradas sobre el conflicto que involucra a la tecnolog\u00eda y tiene en la mira de Donald Trump a [&hellip;]<\/p>\n","protected":false},"author":22,"featured_media":4478,"comment_status":"open","ping_status":"open","sticky":false,"template":"","format":"standard","meta":{"footnotes":""},"categories":[10162],"tags":[],"class_list":["post-4476","post","type-post","status-publish","format-standard","has-post-thumbnail","hentry","category-centro-en-la-prensa"],"featured_image_url":"https:\/\/gobierno.udd.cl\/cpp\/files\/2019\/06\/Graficas_PoliticasPublicas-03.jpg","_links":{"self":[{"href":"https:\/\/gobierno.udd.cl\/cpp\/wp-json\/wp\/v2\/posts\/4476","targetHints":{"allow":["GET"]}}],"collection":[{"href":"https:\/\/gobierno.udd.cl\/cpp\/wp-json\/wp\/v2\/posts"}],"about":[{"href":"https:\/\/gobierno.udd.cl\/cpp\/wp-json\/wp\/v2\/types\/post"}],"author":[{"embeddable":true,"href":"https:\/\/gobierno.udd.cl\/cpp\/wp-json\/wp\/v2\/users\/22"}],"replies":[{"embeddable":true,"href":"https:\/\/gobierno.udd.cl\/cpp\/wp-json\/wp\/v2\/comments?post=4476"}],"version-history":[{"count":1,"href":"https:\/\/gobierno.udd.cl\/cpp\/wp-json\/wp\/v2\/posts\/4476\/revisions"}],"predecessor-version":[{"id":4477,"href":"https:\/\/gobierno.udd.cl\/cpp\/wp-json\/wp\/v2\/posts\/4476\/revisions\/4477"}],"wp:featuredmedia":[{"embeddable":true,"href":"https:\/\/gobierno.udd.cl\/cpp\/wp-json\/wp\/v2\/media\/4478"}],"wp:attachment":[{"href":"https:\/\/gobierno.udd.cl\/cpp\/wp-json\/wp\/v2\/media?parent=4476"}],"wp:term":[{"taxonomy":"category","embeddable":true,"href":"https:\/\/gobierno.udd.cl\/cpp\/wp-json\/wp\/v2\/categories?post=4476"},{"taxonomy":"post_tag","embeddable":true,"href":"https:\/\/gobierno.udd.cl\/cpp\/wp-json\/wp\/v2\/tags?post=4476"}],"curies":[{"name":"wp","href":"https:\/\/api.w.org\/{rel}","templated":true}]}}