{"id":4474,"date":"2019-05-28T01:05:57","date_gmt":"2019-05-28T05:05:57","guid":{"rendered":"http:\/\/gobierno.udd.cl\/cpp\/?p=4474"},"modified":"2019-06-10T17:20:55","modified_gmt":"2019-06-10T21:20:55","slug":"los-desafios-de-la-eurocamara-mega-plus","status":"publish","type":"post","link":"https:\/\/gobierno.udd.cl\/cpp\/noticias\/2019\/05\/28\/los-desafios-de-la-eurocamara-mega-plus\/","title":{"rendered":"Los desaf\u00edos de la Euroc\u00e1mara &#8211; Mega Plus"},"content":{"rendered":"<p style=\"text-align: justify;\">Diversos y complicados desaf\u00edos son los que tiene la Euroc\u00e1mara en esta \u00e9poca. Luego de las recientes elecciones de los \u00abeurodiputados\u00bb, nuevas fuerzas han alzado la voz, las cuales entre verdes y liberales han frenado la ola conservadora que se ha pronunciado en los \u00faltimos a\u00f1os en el viejo mundo, en torno a debates como Brexit, migraci\u00f3n, medioambiente, etc.<\/p>\n<p style=\"text-align: justify;\">Habla:\u00a0Emanuelle Barozet, acad\u00e9mica Universidad de Chile<br \/>\nRodrigo Arellano, decano y acad\u00e9mico UDD<\/p>\n<p style=\"text-align: justify;\">Menci\u00f3n:<br \/>\nUniversidad de Chile; Universidad del Desarrollo<\/p>\n<div style=\"width: 640px;\" class=\"wp-video\"><video class=\"wp-video-shortcode\" id=\"video-4474-1\" width=\"640\" height=\"360\" preload=\"metadata\" controls=\"controls\"><source type=\"video\/mp4\" src=\"http:\/\/conectamedia.s3.amazonaws.com\/48a1089162145feddb80038e1318da31.mp4?_=1\" \/><a href=\"http:\/\/conectamedia.s3.amazonaws.com\/48a1089162145feddb80038e1318da31.mp4\">http:\/\/conectamedia.s3.amazonaws.com\/48a1089162145feddb80038e1318da31.mp4<\/a><\/video><\/div>\n","protected":false},"excerpt":{"rendered":"<p>Diversos y complicados desaf\u00edos son los que tiene la Euroc\u00e1mara en esta \u00e9poca. Luego de las recientes elecciones de los \u00abeurodiputados\u00bb, nuevas fuerzas han alzado la voz, las cuales entre verdes y liberales han frenado la ola conservadora que se ha pronunciado en los \u00faltimos a\u00f1os en el viejo mundo, en torno a debates como [&hellip;]<\/p>\n","protected":false},"author":22,"featured_media":4478,"comment_status":"open","ping_status":"open","sticky":false,"template":"","format":"standard","meta":{"footnotes":""},"categories":[10162],"tags":[],"class_list":["post-4474","post","type-post","status-publish","format-standard","has-post-thumbnail","hentry","category-centro-en-la-prensa"],"featured_image_url":"https:\/\/gobierno.udd.cl\/cpp\/files\/2019\/06\/Graficas_PoliticasPublicas-03.jpg","_links":{"self":[{"href":"https:\/\/gobierno.udd.cl\/cpp\/wp-json\/wp\/v2\/posts\/4474","targetHints":{"allow":["GET"]}}],"collection":[{"href":"https:\/\/gobierno.udd.cl\/cpp\/wp-json\/wp\/v2\/posts"}],"about":[{"href":"https:\/\/gobierno.udd.cl\/cpp\/wp-json\/wp\/v2\/types\/post"}],"author":[{"embeddable":true,"href":"https:\/\/gobierno.udd.cl\/cpp\/wp-json\/wp\/v2\/users\/22"}],"replies":[{"embeddable":true,"href":"https:\/\/gobierno.udd.cl\/cpp\/wp-json\/wp\/v2\/comments?post=4474"}],"version-history":[{"count":3,"href":"https:\/\/gobierno.udd.cl\/cpp\/wp-json\/wp\/v2\/posts\/4474\/revisions"}],"predecessor-version":[{"id":4485,"href":"https:\/\/gobierno.udd.cl\/cpp\/wp-json\/wp\/v2\/posts\/4474\/revisions\/4485"}],"wp:featuredmedia":[{"embeddable":true,"href":"https:\/\/gobierno.udd.cl\/cpp\/wp-json\/wp\/v2\/media\/4478"}],"wp:attachment":[{"href":"https:\/\/gobierno.udd.cl\/cpp\/wp-json\/wp\/v2\/media?parent=4474"}],"wp:term":[{"taxonomy":"category","embeddable":true,"href":"https:\/\/gobierno.udd.cl\/cpp\/wp-json\/wp\/v2\/categories?post=4474"},{"taxonomy":"post_tag","embeddable":true,"href":"https:\/\/gobierno.udd.cl\/cpp\/wp-json\/wp\/v2\/tags?post=4474"}],"curies":[{"name":"wp","href":"https:\/\/api.w.org\/{rel}","templated":true}]}}