{"id":4464,"date":"2019-05-28T00:56:09","date_gmt":"2019-05-28T04:56:09","guid":{"rendered":"http:\/\/gobierno.udd.cl\/cpp\/?p=4464"},"modified":"2019-06-10T17:21:18","modified_gmt":"2019-06-10T21:21:18","slug":"cuenta-publicas-compromisos-adquiridos-pero-incumplidos-radio-cooperativa","status":"publish","type":"post","link":"https:\/\/gobierno.udd.cl\/cpp\/noticias\/2019\/05\/28\/cuenta-publicas-compromisos-adquiridos-pero-incumplidos-radio-cooperativa\/","title":{"rendered":"Cuenta P\u00fablicas: compromisos adquiridos pero incumplidos &#8211; Radio Cooperativa"},"content":{"rendered":"<p style=\"text-align: justify;\">A pocos d\u00edas del discurso presidencial del 1 de junio, un estudio del Centro Democracia y Comunidad devel\u00f3 que el Presidente Sebasti\u00e1n Pi\u00f1era ha registrado s\u00f3lo un 30 por ciento de avance en las \u00abpromesas legislativas\u00bb que anunci\u00f3 en la Cuenta P\u00fablica del a\u00f1o pasado.<\/p>\n<p style=\"text-align: justify;\">Habla:\u00a0Eugenio Guzm\u00e1n; Gonzalo Duarte, ex secretario general de la DC, Osvaldo Andrade, ex senador PS; Claudio Arqueros, de Fundaci\u00f3n Jaime Guzman<\/p>\n<p style=\"text-align: justify;\">Menci\u00f3n:\u00a0Universidad del Desarrollo<\/p>\n<audio class=\"wp-audio-shortcode\" id=\"audio-4464-1\" preload=\"none\" style=\"width: 100%;\" controls=\"controls\"><source type=\"audio\/mpeg\" src=\"http:\/\/conectamedia.s3.amazonaws.com\/05adb582564da5a7f32018952e10fa5d.mp3?_=1\" \/><a href=\"http:\/\/conectamedia.s3.amazonaws.com\/05adb582564da5a7f32018952e10fa5d.mp3\">http:\/\/conectamedia.s3.amazonaws.com\/05adb582564da5a7f32018952e10fa5d.mp3<\/a><\/audio>\n","protected":false},"excerpt":{"rendered":"<p>A pocos d\u00edas del discurso presidencial del 1 de junio, un estudio del Centro Democracia y Comunidad devel\u00f3 que el Presidente Sebasti\u00e1n Pi\u00f1era ha registrado s\u00f3lo un 30 por ciento de avance en las \u00abpromesas legislativas\u00bb que anunci\u00f3 en la Cuenta P\u00fablica del a\u00f1o pasado. Habla:\u00a0Eugenio Guzm\u00e1n; Gonzalo Duarte, ex secretario general de la DC, [&hellip;]<\/p>\n","protected":false},"author":22,"featured_media":4478,"comment_status":"open","ping_status":"open","sticky":false,"template":"","format":"standard","meta":{"footnotes":""},"categories":[10162],"tags":[],"class_list":["post-4464","post","type-post","status-publish","format-standard","has-post-thumbnail","hentry","category-centro-en-la-prensa"],"featured_image_url":"https:\/\/gobierno.udd.cl\/cpp\/files\/2019\/06\/Graficas_PoliticasPublicas-03.jpg","_links":{"self":[{"href":"https:\/\/gobierno.udd.cl\/cpp\/wp-json\/wp\/v2\/posts\/4464","targetHints":{"allow":["GET"]}}],"collection":[{"href":"https:\/\/gobierno.udd.cl\/cpp\/wp-json\/wp\/v2\/posts"}],"about":[{"href":"https:\/\/gobierno.udd.cl\/cpp\/wp-json\/wp\/v2\/types\/post"}],"author":[{"embeddable":true,"href":"https:\/\/gobierno.udd.cl\/cpp\/wp-json\/wp\/v2\/users\/22"}],"replies":[{"embeddable":true,"href":"https:\/\/gobierno.udd.cl\/cpp\/wp-json\/wp\/v2\/comments?post=4464"}],"version-history":[{"count":2,"href":"https:\/\/gobierno.udd.cl\/cpp\/wp-json\/wp\/v2\/posts\/4464\/revisions"}],"predecessor-version":[{"id":4486,"href":"https:\/\/gobierno.udd.cl\/cpp\/wp-json\/wp\/v2\/posts\/4464\/revisions\/4486"}],"wp:featuredmedia":[{"embeddable":true,"href":"https:\/\/gobierno.udd.cl\/cpp\/wp-json\/wp\/v2\/media\/4478"}],"wp:attachment":[{"href":"https:\/\/gobierno.udd.cl\/cpp\/wp-json\/wp\/v2\/media?parent=4464"}],"wp:term":[{"taxonomy":"category","embeddable":true,"href":"https:\/\/gobierno.udd.cl\/cpp\/wp-json\/wp\/v2\/categories?post=4464"},{"taxonomy":"post_tag","embeddable":true,"href":"https:\/\/gobierno.udd.cl\/cpp\/wp-json\/wp\/v2\/tags?post=4464"}],"curies":[{"name":"wp","href":"https:\/\/api.w.org\/{rel}","templated":true}]}}