{"id":4456,"date":"2019-05-31T00:50:47","date_gmt":"2019-05-31T04:50:47","guid":{"rendered":"http:\/\/gobierno.udd.cl\/cpp\/?p=4456"},"modified":"2019-06-10T17:17:43","modified_gmt":"2019-06-10T21:17:43","slug":"seis-comunas-haran-consulta-ciudadana-para-establecer-toque-de-queda-radio-duna","status":"publish","type":"post","link":"https:\/\/gobierno.udd.cl\/cpp\/noticias\/2019\/05\/31\/seis-comunas-haran-consulta-ciudadana-para-establecer-toque-de-queda-radio-duna\/","title":{"rendered":"Seis comunas har\u00e1n consulta ciudadana para establecer toque de queda &#8211; Radio Duna"},"content":{"rendered":"<p style=\"text-align: justify;\">La consulta se har\u00e1 el 23 de junio y busca determinar restricciones, horarios y detalles de lo que ser\u00eda el impedimento a los menores de edad de andar solos por la calle durante la noche.<\/p>\n<p style=\"text-align: justify;\">Menci\u00f3n:\u00a0Mauricio Vi\u00f1ambres, Joaquin Lav\u00edn, PS, UDI, Universidad del Desarrollo.<\/p>\n<audio class=\"wp-audio-shortcode\" id=\"audio-4456-1\" preload=\"none\" style=\"width: 100%;\" controls=\"controls\"><source type=\"audio\/mpeg\" src=\"http:\/\/conectamedia.s3.amazonaws.com\/add8833a51a51fdc045f507d08382f22.mp3?_=1\" \/><a href=\"http:\/\/conectamedia.s3.amazonaws.com\/add8833a51a51fdc045f507d08382f22.mp3\">http:\/\/conectamedia.s3.amazonaws.com\/add8833a51a51fdc045f507d08382f22.mp3<\/a><\/audio>\n<p>Parte 1<\/p>\n<audio class=\"wp-audio-shortcode\" id=\"audio-4456-2\" preload=\"none\" style=\"width: 100%;\" controls=\"controls\"><source type=\"audio\/mpeg\" src=\"http:\/\/conectamedia.s3.amazonaws.com\/d068d46b4317cc64a215a6693aaebba9.mp3?_=2\" \/><a href=\"http:\/\/conectamedia.s3.amazonaws.com\/d068d46b4317cc64a215a6693aaebba9.mp3\">http:\/\/conectamedia.s3.amazonaws.com\/d068d46b4317cc64a215a6693aaebba9.mp3<\/a><\/audio>\n<p>Parte 2<\/p>\n","protected":false},"excerpt":{"rendered":"<p>La consulta se har\u00e1 el 23 de junio y busca determinar restricciones, horarios y detalles de lo que ser\u00eda el impedimento a los menores de edad de andar solos por la calle durante la noche. Menci\u00f3n:\u00a0Mauricio Vi\u00f1ambres, Joaquin Lav\u00edn, PS, UDI, Universidad del Desarrollo. Parte 1 Parte 2<\/p>\n","protected":false},"author":22,"featured_media":4478,"comment_status":"open","ping_status":"open","sticky":false,"template":"","format":"standard","meta":{"footnotes":""},"categories":[10162],"tags":[],"class_list":["post-4456","post","type-post","status-publish","format-standard","has-post-thumbnail","hentry","category-centro-en-la-prensa"],"featured_image_url":"https:\/\/gobierno.udd.cl\/cpp\/files\/2019\/06\/Graficas_PoliticasPublicas-03.jpg","_links":{"self":[{"href":"https:\/\/gobierno.udd.cl\/cpp\/wp-json\/wp\/v2\/posts\/4456","targetHints":{"allow":["GET"]}}],"collection":[{"href":"https:\/\/gobierno.udd.cl\/cpp\/wp-json\/wp\/v2\/posts"}],"about":[{"href":"https:\/\/gobierno.udd.cl\/cpp\/wp-json\/wp\/v2\/types\/post"}],"author":[{"embeddable":true,"href":"https:\/\/gobierno.udd.cl\/cpp\/wp-json\/wp\/v2\/users\/22"}],"replies":[{"embeddable":true,"href":"https:\/\/gobierno.udd.cl\/cpp\/wp-json\/wp\/v2\/comments?post=4456"}],"version-history":[{"count":1,"href":"https:\/\/gobierno.udd.cl\/cpp\/wp-json\/wp\/v2\/posts\/4456\/revisions"}],"predecessor-version":[{"id":4457,"href":"https:\/\/gobierno.udd.cl\/cpp\/wp-json\/wp\/v2\/posts\/4456\/revisions\/4457"}],"wp:featuredmedia":[{"embeddable":true,"href":"https:\/\/gobierno.udd.cl\/cpp\/wp-json\/wp\/v2\/media\/4478"}],"wp:attachment":[{"href":"https:\/\/gobierno.udd.cl\/cpp\/wp-json\/wp\/v2\/media?parent=4456"}],"wp:term":[{"taxonomy":"category","embeddable":true,"href":"https:\/\/gobierno.udd.cl\/cpp\/wp-json\/wp\/v2\/categories?post=4456"},{"taxonomy":"post_tag","embeddable":true,"href":"https:\/\/gobierno.udd.cl\/cpp\/wp-json\/wp\/v2\/tags?post=4456"}],"curies":[{"name":"wp","href":"https:\/\/api.w.org\/{rel}","templated":true}]}}