{"id":4450,"date":"2019-06-02T00:45:41","date_gmt":"2019-06-02T04:45:41","guid":{"rendered":"http:\/\/gobierno.udd.cl\/cpp\/?p=4450"},"modified":"2019-06-10T17:27:14","modified_gmt":"2019-06-10T21:27:14","slug":"cuenta-publica-2019-radio-bio-bio","status":"publish","type":"post","link":"https:\/\/gobierno.udd.cl\/cpp\/noticias\/2019\/06\/02\/cuenta-publica-2019-radio-bio-bio\/","title":{"rendered":"Cuenta P\u00fablica 2019 &#8211; Radio Bio-bio"},"content":{"rendered":"<p style=\"text-align: justify;\">Impresiones y an\u00e1lisis sobre la cuenta p\u00fablica 2019 del Presidente, Sebasti\u00e1n Pi\u00f1era.<\/p>\n<p style=\"text-align: justify;\">Habla:\u00a0Rodrigo Arellano, Vicedecano de la Facultad de Gobierno de la Universidad del Desarrollo<\/p>\n<p style=\"text-align: justify;\">Menci\u00f3n:\u00a0Universidad del Desarrollo, Sebasti\u00e1n Pi\u00f1era, Nicol\u00e1s Larra\u00edn, Ministerio de Obras P\u00fablicas, Felipe Larra\u00edn, ministerio de Transportes, PDI<\/p>\n<p>&nbsp;<\/p>\n<audio class=\"wp-audio-shortcode\" id=\"audio-4450-1\" preload=\"none\" style=\"width: 100%;\" controls=\"controls\"><source type=\"audio\/mpeg\" src=\"http:\/\/conectamedia.s3.amazonaws.com\/fafbdd45abc444b696f64700cd584b6b.mp3?_=1\" \/><a href=\"http:\/\/conectamedia.s3.amazonaws.com\/fafbdd45abc444b696f64700cd584b6b.mp3\">http:\/\/conectamedia.s3.amazonaws.com\/fafbdd45abc444b696f64700cd584b6b.mp3<\/a><\/audio>\n<p style=\"text-align: justify;\">Parte 1<\/p>\n<audio class=\"wp-audio-shortcode\" id=\"audio-4450-2\" preload=\"none\" style=\"width: 100%;\" controls=\"controls\"><source type=\"audio\/mpeg\" src=\"http:\/\/conectamedia.s3.amazonaws.com\/06aa225c9ac71b33026f0e57d54c468e.mp3?_=2\" \/><a href=\"http:\/\/conectamedia.s3.amazonaws.com\/06aa225c9ac71b33026f0e57d54c468e.mp3\">http:\/\/conectamedia.s3.amazonaws.com\/06aa225c9ac71b33026f0e57d54c468e.mp3<\/a><\/audio>\n<p style=\"text-align: justify;\">Parte 2<\/p>\n<audio class=\"wp-audio-shortcode\" id=\"audio-4450-3\" preload=\"none\" style=\"width: 100%;\" controls=\"controls\"><source type=\"audio\/mpeg\" src=\"http:\/\/conectamedia.s3.amazonaws.com\/b7fdb112f6c8d6bcfe6b3e1b441989aa.mp3?_=3\" \/><a href=\"http:\/\/conectamedia.s3.amazonaws.com\/b7fdb112f6c8d6bcfe6b3e1b441989aa.mp3\">http:\/\/conectamedia.s3.amazonaws.com\/b7fdb112f6c8d6bcfe6b3e1b441989aa.mp3<\/a><\/audio>\n<p style=\"text-align: justify;\">Parte 3<\/p>\n<audio class=\"wp-audio-shortcode\" id=\"audio-4450-4\" preload=\"none\" style=\"width: 100%;\" controls=\"controls\"><source type=\"audio\/mpeg\" src=\"http:\/\/conectamedia.s3.amazonaws.com\/f10655ae2ca93a5847ae0c34355e536a.mp3?_=4\" \/><a href=\"http:\/\/conectamedia.s3.amazonaws.com\/f10655ae2ca93a5847ae0c34355e536a.mp3\">http:\/\/conectamedia.s3.amazonaws.com\/f10655ae2ca93a5847ae0c34355e536a.mp3<\/a><\/audio>\n<p style=\"text-align: justify;\">Parte 4<\/p>\n","protected":false},"excerpt":{"rendered":"<p>Impresiones y an\u00e1lisis sobre la cuenta p\u00fablica 2019 del Presidente, Sebasti\u00e1n Pi\u00f1era. Habla:\u00a0Rodrigo Arellano, Vicedecano de la Facultad de Gobierno de la Universidad del Desarrollo Menci\u00f3n:\u00a0Universidad del Desarrollo, Sebasti\u00e1n Pi\u00f1era, Nicol\u00e1s Larra\u00edn, Ministerio de Obras P\u00fablicas, Felipe Larra\u00edn, ministerio de Transportes, PDI &nbsp; Parte 1 Parte 2 Parte 3 Parte 4<\/p>\n","protected":false},"author":22,"featured_media":4478,"comment_status":"open","ping_status":"open","sticky":false,"template":"","format":"standard","meta":{"footnotes":""},"categories":[10162],"tags":[],"class_list":["post-4450","post","type-post","status-publish","format-standard","has-post-thumbnail","hentry","category-centro-en-la-prensa"],"featured_image_url":"https:\/\/gobierno.udd.cl\/cpp\/files\/2019\/06\/Graficas_PoliticasPublicas-03.jpg","_links":{"self":[{"href":"https:\/\/gobierno.udd.cl\/cpp\/wp-json\/wp\/v2\/posts\/4450","targetHints":{"allow":["GET"]}}],"collection":[{"href":"https:\/\/gobierno.udd.cl\/cpp\/wp-json\/wp\/v2\/posts"}],"about":[{"href":"https:\/\/gobierno.udd.cl\/cpp\/wp-json\/wp\/v2\/types\/post"}],"author":[{"embeddable":true,"href":"https:\/\/gobierno.udd.cl\/cpp\/wp-json\/wp\/v2\/users\/22"}],"replies":[{"embeddable":true,"href":"https:\/\/gobierno.udd.cl\/cpp\/wp-json\/wp\/v2\/comments?post=4450"}],"version-history":[{"count":3,"href":"https:\/\/gobierno.udd.cl\/cpp\/wp-json\/wp\/v2\/posts\/4450\/revisions"}],"predecessor-version":[{"id":4453,"href":"https:\/\/gobierno.udd.cl\/cpp\/wp-json\/wp\/v2\/posts\/4450\/revisions\/4453"}],"wp:featuredmedia":[{"embeddable":true,"href":"https:\/\/gobierno.udd.cl\/cpp\/wp-json\/wp\/v2\/media\/4478"}],"wp:attachment":[{"href":"https:\/\/gobierno.udd.cl\/cpp\/wp-json\/wp\/v2\/media?parent=4450"}],"wp:term":[{"taxonomy":"category","embeddable":true,"href":"https:\/\/gobierno.udd.cl\/cpp\/wp-json\/wp\/v2\/categories?post=4450"},{"taxonomy":"post_tag","embeddable":true,"href":"https:\/\/gobierno.udd.cl\/cpp\/wp-json\/wp\/v2\/tags?post=4450"}],"curies":[{"name":"wp","href":"https:\/\/api.w.org\/{rel}","templated":true}]}}