{"id":4447,"date":"2019-05-30T00:44:05","date_gmt":"2019-05-30T04:44:05","guid":{"rendered":"http:\/\/gobierno.udd.cl\/cpp\/?p=4447"},"modified":"2019-06-10T17:20:34","modified_gmt":"2019-06-10T21:20:34","slug":"cuanto-afecta-al-pais-un-eventual-fracaso-en-la-copa-america-la-segunda","status":"publish","type":"post","link":"https:\/\/gobierno.udd.cl\/cpp\/noticias\/2019\/05\/30\/cuanto-afecta-al-pais-un-eventual-fracaso-en-la-copa-america-la-segunda\/","title":{"rendered":"\u00bfCu\u00e1nto afecta al pa\u00eds un eventual fracaso en la Copa Am\u00e9rica? &#8211; La segunda"},"content":{"rendered":"<p style=\"text-align: justify;\">El 17 de junio, en Sao Paulo, Chile comienza ante Ecuador la defensa de su bicampeonato continental.Sin embargo, la previa ha sido terrible, con el capit\u00e1n que levant\u00f3 ambas Copas Am\u00e9rica marginado del plantel.<\/p>\n<p style=\"text-align: justify;\">Reinaldo Rueda trat\u00f3 de justificar la ausencia de Claudio Bravo con razones futbol\u00edsticas, pero seg\u00fan El Mercurio, la verdadera raz\u00f3n fue una especie de \u201cveto\u201d que varios referentes le impusieron al arquero.<\/p>\n<p style=\"text-align: justify;\">\u201cSi vuelve, al menos diez se van\u201d, dicen desde Pinto Dur\u00e1n.<\/p>\n<p style=\"text-align: justify;\">Entre ellos, Gary Medel y Charles Ar\u00e1nguiz, pilares de la \u201cgeneraci\u00f3n dorada\u201d, y, m\u00e1s veladamente, Arturo Vidal, con quien ha tenido un round p\u00fablico y privado desde que la selecci\u00f3n qued\u00f3 fuera del Mundial de Rusia, en noviembre de 2017.\u201cEl f\u00fatbol es siempre una v\u00e1lvula de escape\u201dLa ilusi\u00f3n de la hinchada es escasa, y varios sondeos en redes sociales as\u00ed lo demuestran.<\/p>\n<p style=\"text-align: justify;\">El mismo pa\u00eds que celebr\u00f3, hoy est\u00e1 m\u00e1s cercano a un estado de rabia y depresi\u00f3n.\u201cEn general, el tema de la selecci\u00f3n es bastante sensible porque tiene que ver con las pasiones, con el estado de \u00e1nimo\u201d, comenta el psic\u00f3logo Francisco Flores, director de la ONG Mente Sana.<\/p>\n<p style=\"text-align: justify;\">\u201cEl f\u00fatbol para los chilenos es siempre como una v\u00e1lvula de escape, la posibilidad de hacer frente y revertir un momento de complejidad social\u201d.\u201cLas dos \u00faltimas conquistas de la Copa Am\u00e9rica demostraron que el estado de \u00e1nimo de nuestro pa\u00eds vari\u00f3.<\/p>\n<p style=\"text-align: justify;\">Por lo tanto, un fracaso o la posibilidad de que Chile no pueda repetir el t\u00edtulo afecta en t\u00e9rminos de que el estado an\u00edmico decae\u201d, agrega Flores.\u201cEs razonable suponer que los estados de \u00e1nimo colectivos en pa\u00edses futbolizados como el nuestro tienen que ver con los resultados\u201d, apunta el analista pol\u00edtico Crist\u00f3bal Bellolio.<\/p>\n<p style=\"text-align: justify;\">\u201cEs famoso el caso de Hitler, que quer\u00eda que los blancos ganaran en las Olimp\u00edadas de Munich (de 1936).<\/p>\n<p style=\"text-align: justify;\">Otro ejemplo es el del Mundial de 1978, que para la Junta Militar de Argentina era muy importante ganar: se dec\u00eda que si la selecci\u00f3n argentina ganaba, la gente iba a estar tan contenta que no iba a estar preocupada de la opresi\u00f3n pol\u00edtica\u201d.\u201cLos \u00e9xitos deportivos se han desacoplado del Gobierno\u201dPero las repercusiones podr\u00edan ser no s\u00f3lo sociales.<\/p>\n<p style=\"text-align: justify;\">Un fracaso en Brasil tambi\u00e9n podr\u00eda tener consecuencias pol\u00edticas, a corto y largo plazo.\u201cComo el futuro de la selecci\u00f3n no parece ser muy bueno \u2014porque es evidente que la \u2018generaci\u00f3n de oro&#8217; est\u00e1 llegando a su ocaso y lo que viene ahora ser\u00e1n m\u00e1s frustraciones y amarguras que har\u00e1n muy dif\u00edcil repetir los \u00e9xitos de esta selecci\u00f3n\u2014, habr\u00eda que ver si las frustraciones deportivas que vamos a tener en los pr\u00f3ximos a\u00f1os inciden o no en la pol\u00edtica\u201d, comenta Bellolio.Eso s\u00ed, el analista pol\u00edtico cree que, curiosamente, en los \u00faltimos a\u00f1os los triunfos de la Roja no ayudaron de forma directa a los gobiernos de turno.\u201cLa gente no es tan b\u00e1sica de pensar que porque a la selecci\u00f3n le va bien, es m\u00e9rito de los pol\u00edticos.<\/p>\n<p style=\"text-align: justify;\">No me parece que sea tan as\u00ed.<\/p>\n<p style=\"text-align: justify;\">Por ejemplo, los mejores momentos de la Roja coincidieron con el caso Caval y no veo que la selecci\u00f3n haya ayudado mucho para que Bachelet solidificara su capital personal.<\/p>\n<p style=\"text-align: justify;\">Son cosas que discurren por canales paralelos\u201d, apunta.Algo similar comenta el acad\u00e9mico de la Facultad de Gobierno de la UDD Gonzalo M\u00fcller.<\/p>\n<p style=\"text-align: justify;\">\u201cLa verdad es que en el \u00faltimo tiempo los \u00e9xitos deportivos se han desacoplado de la aprobaci\u00f3n del gobierno.<\/p>\n<p style=\"text-align: justify;\">Bachelet cont\u00f3 con los hist\u00f3ricos triunfos en la Copa Am\u00e9rica 2015 y 2016, pero no significaron ninguna mejora en su aprobaci\u00f3n\u201d.\u00bfQu\u00e9 debe hacer la administraci\u00f3n de Pi\u00f1era?\u201cLa tentaci\u00f3n de involucrarse va a ser dif\u00edcil de resistir\u201d, reconoce M\u00fcller.<\/p>\n<p style=\"text-align: justify;\">\u201cPero si este gobierno no comete el error de involucrarse, no tendr\u00eda porque verse afectado\u2026 m\u00e1s all\u00e1 de un par de memes\u201d.<\/p>\n<p><a href=\"https:\/\/gobierno.udd.cl\/cpp\/files\/2019\/06\/2019-05-30_impresa.lasegunda.com_8U3K5A1T.jpg\"><img loading=\"lazy\" decoding=\"async\" class=\"size-medium wp-image-4448 aligncenter\" src=\"https:\/\/gobierno.udd.cl\/cpp\/files\/2019\/06\/2019-05-30_impresa.lasegunda.com_8U3K5A1T-231x300.jpg\" alt=\"\" width=\"231\" height=\"300\" srcset=\"https:\/\/gobierno.udd.cl\/cpp\/files\/2019\/06\/2019-05-30_impresa.lasegunda.com_8U3K5A1T-231x300.jpg 231w, https:\/\/gobierno.udd.cl\/cpp\/files\/2019\/06\/2019-05-30_impresa.lasegunda.com_8U3K5A1T-768x996.jpg 768w, https:\/\/gobierno.udd.cl\/cpp\/files\/2019\/06\/2019-05-30_impresa.lasegunda.com_8U3K5A1T-790x1024.jpg 790w, https:\/\/gobierno.udd.cl\/cpp\/files\/2019\/06\/2019-05-30_impresa.lasegunda.com_8U3K5A1T-740x960.jpg 740w, https:\/\/gobierno.udd.cl\/cpp\/files\/2019\/06\/2019-05-30_impresa.lasegunda.com_8U3K5A1T.jpg 1440w\" sizes=\"auto, (max-width: 231px) 100vw, 231px\" \/><\/a><\/p>\n","protected":false},"excerpt":{"rendered":"<p>El 17 de junio, en Sao Paulo, Chile comienza ante Ecuador la defensa de su bicampeonato continental.Sin embargo, la previa ha sido terrible, con el capit\u00e1n que levant\u00f3 ambas Copas Am\u00e9rica marginado del plantel. Reinaldo Rueda trat\u00f3 de justificar la ausencia de Claudio Bravo con razones futbol\u00edsticas, pero seg\u00fan El Mercurio, la verdadera raz\u00f3n fue [&hellip;]<\/p>\n","protected":false},"author":22,"featured_media":4478,"comment_status":"open","ping_status":"open","sticky":false,"template":"","format":"standard","meta":{"footnotes":""},"categories":[10162],"tags":[],"class_list":["post-4447","post","type-post","status-publish","format-standard","has-post-thumbnail","hentry","category-centro-en-la-prensa"],"featured_image_url":"https:\/\/gobierno.udd.cl\/cpp\/files\/2019\/06\/Graficas_PoliticasPublicas-03.jpg","_links":{"self":[{"href":"https:\/\/gobierno.udd.cl\/cpp\/wp-json\/wp\/v2\/posts\/4447","targetHints":{"allow":["GET"]}}],"collection":[{"href":"https:\/\/gobierno.udd.cl\/cpp\/wp-json\/wp\/v2\/posts"}],"about":[{"href":"https:\/\/gobierno.udd.cl\/cpp\/wp-json\/wp\/v2\/types\/post"}],"author":[{"embeddable":true,"href":"https:\/\/gobierno.udd.cl\/cpp\/wp-json\/wp\/v2\/users\/22"}],"replies":[{"embeddable":true,"href":"https:\/\/gobierno.udd.cl\/cpp\/wp-json\/wp\/v2\/comments?post=4447"}],"version-history":[{"count":2,"href":"https:\/\/gobierno.udd.cl\/cpp\/wp-json\/wp\/v2\/posts\/4447\/revisions"}],"predecessor-version":[{"id":4483,"href":"https:\/\/gobierno.udd.cl\/cpp\/wp-json\/wp\/v2\/posts\/4447\/revisions\/4483"}],"wp:featuredmedia":[{"embeddable":true,"href":"https:\/\/gobierno.udd.cl\/cpp\/wp-json\/wp\/v2\/media\/4478"}],"wp:attachment":[{"href":"https:\/\/gobierno.udd.cl\/cpp\/wp-json\/wp\/v2\/media?parent=4447"}],"wp:term":[{"taxonomy":"category","embeddable":true,"href":"https:\/\/gobierno.udd.cl\/cpp\/wp-json\/wp\/v2\/categories?post=4447"},{"taxonomy":"post_tag","embeddable":true,"href":"https:\/\/gobierno.udd.cl\/cpp\/wp-json\/wp\/v2\/tags?post=4447"}],"curies":[{"name":"wp","href":"https:\/\/api.w.org\/{rel}","templated":true}]}}