{"id":4442,"date":"2019-05-31T00:36:49","date_gmt":"2019-05-31T04:36:49","guid":{"rendered":"http:\/\/gobierno.udd.cl\/cpp\/?p=4442"},"modified":"2019-06-10T17:18:28","modified_gmt":"2019-06-10T21:18:28","slug":"encuesta-udd-el-75-de-santiaguinos-apoya-toque-de-queda-a-menores-de-14-anos-el-mercurio","status":"publish","type":"post","link":"https:\/\/gobierno.udd.cl\/cpp\/noticias\/2019\/05\/31\/encuesta-udd-el-75-de-santiaguinos-apoya-toque-de-queda-a-menores-de-14-anos-el-mercurio\/","title":{"rendered":"Encuesta UDD: el 75% de santiaguinos apoya toque de queda a menores de 14 a\u00f1os &#8211; El Mercurio"},"content":{"rendered":"<p style=\"text-align: justify;\">El domingo 23 de junio es la fecha elegida por los municipios que impulsan una particular consulta ciudadana: preguntar a sus habitantes si est\u00e1n de acuerdo con prohibir que los menores de 14 a\u00f1os puedan transitar solos entre las 00:00 y 05:30 horas.<\/p>\n<p style=\"text-align: justify;\">A la espera de que dichas comunas tomen una decisi\u00f3n, la medida cuenta con el 75% de apoyo seg\u00fan una encuesta del Panel Ciudadano de la U. del Desarrollo, realizada entre el lunes y martes en la Regi\u00f3n Metropolitana. El sondeo cont\u00f3 con la respuesta de 1.194 personas (mayores de edad) y tiene un margen de error de 2,8%.<\/p>\n<p style=\"text-align: justify;\">La propuesta encuentra una mayor aprobaci\u00f3n en el sector socioecon\u00f3mico m\u00e1s bajo, el D-E, con un 79%. Mientras que en el ABC1 recibe el 67% de aceptaci\u00f3n.<\/p>\n<p style=\"text-align: justify;\">En el caso de los rangos etarios, el de 51 a 60 a\u00f1os es el m\u00e1s proclive a la medida, con el 86%. Por el contrario, el que tiene mayor rechazo, con un 35%, es el de entre 18 y 30 a\u00f1os.<\/p>\n<p style=\"text-align: justify;\">En general, adem\u00e1s, la mayor\u00eda (58%) indica que el horario de restricci\u00f3n para los menores de 12 a\u00f1os deber\u00eda comenzar a las 22 horas. En el caso de los menores de 14, deber\u00eda ser desde las 0:00, con el 53% de aprobaci\u00f3n.<\/p>\n<p style=\"text-align: justify;\"><strong>Convocatoria<\/strong><\/p>\n<p style=\"text-align: justify;\">Hoy, desde las 11:30 horas, se llevar\u00e1 a cabo una cita en que participar\u00e1n seis municipios: Quilpu\u00e9, Lo Barnechea, Pe\u00f1alol\u00e9n, Colina, Antofagasta y Las Condes, que oficiar\u00e1 de anfitriona.<\/p>\n<p style=\"text-align: justify;\">\u00bfEl tema? Analizar los pormenores de la futura consulta ciudadana, ya que son las zonas que pretenden realizarla pr\u00f3ximamente.<\/p>\n<p style=\"text-align: justify;\">Seg\u00fan el alcalde de Las Condes, Joaqu\u00edn Lav\u00edn, la medida es parte del plan Islandia que hoy est\u00e1 siendo aplicado en el pa\u00eds y que busca disminuir el consumo de drogas y alcohol en los j\u00f3venes.<\/p>\n<p style=\"text-align: justify;\">\u201cLo que estamos proponiendo y lo que se conversar\u00e1 con los otros alcaldes, es dar el primer paso para provocar un cambio cultural para tomar conciencia de que los ni\u00f1os no deben estar solos en la noche en la calle\u201d, plantea sobre el proceso intercomunal que deber\u00eda tener un mill\u00f3n de votantes potenciales, contabilizando las seis comunas.<\/p>\n<p style=\"text-align: justify;\">Respecto de los puntos que se deben analizar en la reuni\u00f3n, Lav\u00edn anticipa que, por ejemplo, intentar\u00e1n \u201cacordar en comunidad un horario l\u00edmite recomendado\u201d.En tanto, los jefes comunales enfatizan en que no se trata de un toque de queda. Felipe Guevara, alcalde de Lo Barnechea, afirma que \u201ces un horario l\u00edmite recomendado, que es una convenci\u00f3n social, un acuerdo que este caso es una consulta, para establecer esta recomendaci\u00f3n\u201d.<\/p>\n<p style=\"text-align: justify;\">Agrega que hoy hay \u201cj\u00f3venes consumiendo drogas y alcohol en las plazas, que bajan por avenida Las Condes y muchas veces son v\u00edctimas de asaltos, entre otras situaciones\u201d.<\/p>\n<p style=\"text-align: justify;\">Carolina Leitao, alcaldesa de Pe\u00f1alol\u00e9n, dice que \u201cno queremos sancionar ni a los ni\u00f1os ni a los padres, sino que se genere una conversaci\u00f3n\u201d.<\/p>\n<p style=\"text-align: justify;\"><strong>Operaci\u00f3n<\/strong><\/p>\n<p style=\"text-align: justify;\">Sobre c\u00f3mo funcionar\u00eda la iniciativa, ser\u00eda imitando el modelo island\u00e9s, por lo que no tendr\u00eda car\u00e1cter punitivo. En ese caso, si Seguridad Ciudadana \u2014o el actor que quede a cargo de la medida\u2014 encuentra a un menor de 14 a\u00f1os fuera del horario permitido, \u201cse le acercar\u00e1 para recordarle del l\u00edmite horario, pero no lo detendr\u00e1 ni lo castigar\u00e1 de ninguna manera, y tampoco le pedir\u00e1 la identificaci\u00f3n\u201d, a\u00f1ade Guevara.Leitao asegura que, adem\u00e1s, en la consulta se busca tener preguntas generales para todas las comunas, pero que adem\u00e1s se agreguen cuestiones seg\u00fan el contexto de cada zona. \u201cTenemos realidades muy distintas\u201d, afirma.<\/p>\n<p style=\"text-align: justify;\"><a href=\"https:\/\/gobierno.udd.cl\/cpp\/files\/2019\/06\/2019-05-31_P33JTC6G.jpg\"><img loading=\"lazy\" decoding=\"async\" class=\"size-medium wp-image-4443 aligncenter\" src=\"https:\/\/gobierno.udd.cl\/cpp\/files\/2019\/06\/2019-05-31_P33JTC6G-160x300.jpg\" alt=\"\" width=\"160\" height=\"300\" srcset=\"https:\/\/gobierno.udd.cl\/cpp\/files\/2019\/06\/2019-05-31_P33JTC6G-160x300.jpg 160w, https:\/\/gobierno.udd.cl\/cpp\/files\/2019\/06\/2019-05-31_P33JTC6G-768x1442.jpg 768w, https:\/\/gobierno.udd.cl\/cpp\/files\/2019\/06\/2019-05-31_P33JTC6G-545x1024.jpg 545w, https:\/\/gobierno.udd.cl\/cpp\/files\/2019\/06\/2019-05-31_P33JTC6G-511x960.jpg 511w, https:\/\/gobierno.udd.cl\/cpp\/files\/2019\/06\/2019-05-31_P33JTC6G.jpg 1440w\" sizes=\"auto, (max-width: 160px) 100vw, 160px\" \/><\/a><\/p>\n","protected":false},"excerpt":{"rendered":"<p>El domingo 23 de junio es la fecha elegida por los municipios que impulsan una particular consulta ciudadana: preguntar a sus habitantes si est\u00e1n de acuerdo con prohibir que los menores de 14 a\u00f1os puedan transitar solos entre las 00:00 y 05:30 horas. A la espera de que dichas comunas tomen una decisi\u00f3n, la medida [&hellip;]<\/p>\n","protected":false},"author":22,"featured_media":4478,"comment_status":"open","ping_status":"open","sticky":false,"template":"","format":"standard","meta":{"footnotes":""},"categories":[10162],"tags":[],"class_list":["post-4442","post","type-post","status-publish","format-standard","has-post-thumbnail","hentry","category-centro-en-la-prensa"],"featured_image_url":"https:\/\/gobierno.udd.cl\/cpp\/files\/2019\/06\/Graficas_PoliticasPublicas-03.jpg","_links":{"self":[{"href":"https:\/\/gobierno.udd.cl\/cpp\/wp-json\/wp\/v2\/posts\/4442","targetHints":{"allow":["GET"]}}],"collection":[{"href":"https:\/\/gobierno.udd.cl\/cpp\/wp-json\/wp\/v2\/posts"}],"about":[{"href":"https:\/\/gobierno.udd.cl\/cpp\/wp-json\/wp\/v2\/types\/post"}],"author":[{"embeddable":true,"href":"https:\/\/gobierno.udd.cl\/cpp\/wp-json\/wp\/v2\/users\/22"}],"replies":[{"embeddable":true,"href":"https:\/\/gobierno.udd.cl\/cpp\/wp-json\/wp\/v2\/comments?post=4442"}],"version-history":[{"count":1,"href":"https:\/\/gobierno.udd.cl\/cpp\/wp-json\/wp\/v2\/posts\/4442\/revisions"}],"predecessor-version":[{"id":4444,"href":"https:\/\/gobierno.udd.cl\/cpp\/wp-json\/wp\/v2\/posts\/4442\/revisions\/4444"}],"wp:featuredmedia":[{"embeddable":true,"href":"https:\/\/gobierno.udd.cl\/cpp\/wp-json\/wp\/v2\/media\/4478"}],"wp:attachment":[{"href":"https:\/\/gobierno.udd.cl\/cpp\/wp-json\/wp\/v2\/media?parent=4442"}],"wp:term":[{"taxonomy":"category","embeddable":true,"href":"https:\/\/gobierno.udd.cl\/cpp\/wp-json\/wp\/v2\/categories?post=4442"},{"taxonomy":"post_tag","embeddable":true,"href":"https:\/\/gobierno.udd.cl\/cpp\/wp-json\/wp\/v2\/tags?post=4442"}],"curies":[{"name":"wp","href":"https:\/\/api.w.org\/{rel}","templated":true}]}}