{"id":4438,"date":"2019-05-31T00:32:17","date_gmt":"2019-05-31T04:32:17","guid":{"rendered":"http:\/\/gobierno.udd.cl\/cpp\/?p=4438"},"modified":"2019-06-10T17:20:04","modified_gmt":"2019-06-10T21:20:04","slug":"segun-una-encuesta-udd-75-de-los-santiaguinos-aprueba-toque-de-queda-para-menores-de-14-anos-radio-rockpop","status":"publish","type":"post","link":"https:\/\/gobierno.udd.cl\/cpp\/noticias\/2019\/05\/31\/segun-una-encuesta-udd-75-de-los-santiaguinos-aprueba-toque-de-queda-para-menores-de-14-anos-radio-rockpop\/","title":{"rendered":"Seg\u00fan una encuesta UDD: 75% de los santiaguinos aprueba toque de queda para menores de 14 a\u00f1os &#8211; Radio Rock&#038;Pop"},"content":{"rendered":"<p style=\"text-align: justify;\">El Panel Ciudadano de la Universidad del Desarrollo UDD, realiz\u00f3 una encuesta que revel\u00f3 que el 75% de los santiaguinos, est\u00e1n de acuerdo con el toque de queda para menores de 14 a\u00f1os. La medida busca que no puedan transitar solos desde las 00:00 a las 05:30 horas, si no es con autorizaci\u00f3n de un adulto a cargo.<\/p>\n<p style=\"text-align: justify;\">Esto porque el pr\u00f3ximo 23 de junio, se realizar\u00e1 una consulta ciudadana a seis comunas para preguntar si est\u00e1n de acuerdo con esta disposici\u00f3n. La medici\u00f3n tambi\u00e9n arroj\u00f3 que la aprobaci\u00f3n de esta medida es defendida por el sector socioecon\u00f3mico de nivel bajo, es decir, D y E\u00a0 con un 79 % de apoyo a la idea, mientras que el 67% del sector sociecon\u00f3mico m\u00e1s alto, lo apoya.<\/p>\n<p style=\"text-align: justify;\">Tambi\u00e9n te puede interesar: Nuevo plan de residuos org\u00e1nicos busca que Chile separe su basura<br \/>\nSeg\u00fan consigna El Mercurio, esta jornada se realizar\u00e1 una cita con los municipios de Quilpu\u00e9, Lo Barnechea, Pe\u00f1alol\u00e9n, Colina, Antofagasta y Las Condes. La idea es analizar los pormenores de la futura consulta ciudadanas, que los tendr\u00e1 a ellos como protagonistas.<\/p>\n<p style=\"text-align: justify;\">Esta medida es parte del plan Islandia que pretende evitar que los menores se relacionen con el alcohol y las drogas, indic\u00f3 el edil de Las Condes Joaqu\u00edn Lav\u00edn. \u00abLo que estamos proponiendo y lo que se conversar\u00e1 con los otros alcaldes es dar el primera paso para provocar un cambio cultural para tomar conciencia de que los ni\u00f1os no deben estar solos en la noche en la calle\u00bb.<\/p>\n<p style=\"text-align: justify;\">\u00bfC\u00f3mo funciona el Plan Islandia?<\/p>\n<p style=\"text-align: justify;\">La medida pretende copiar lo que sucede en Islandia, tomando en cuenta a Seguridad Ciudadana o el actor que quede a cargo de la medida. Si encuentran al menor fuera del horario permitido \u00bb se le acercar\u00e1 para recordarle del limite del horario pero no se le detendr\u00e1 ni castigar\u00e1 de ninguna manera, tampoco se le pedir\u00e1 identificaci\u00f3n. Esto seg\u00fan la informaci\u00f3n que brind\u00f3 el alcalde de Lo Barnechea Felipe Guevara.<\/p>\n<p style=\"text-align: justify;\">Por su parte, la alcaldesa de Pe\u00f1alol\u00e9n, Carolina Leitao manifest\u00f3 que la idea es hacer una pregunta general para todas las comunas, pero que adem\u00e1s agreguen cuestiones seg\u00fan el contexto de cada zona. \u00abTenemos realidad muy distintas\u00bb, manifest\u00f3 Leitao.<\/p>\n<p style=\"text-align: justify;\">La entrada Seg\u00fan una encuesta UDD: 75% de los santiaguinos aprueba toque de queda para menores de 14 a\u00f1os se public\u00f3 primero en Rock&amp;Pop.<\/p>\n<p>ver nota publicada: <a href=\"https:\/\/www.rockandpop.cl\/2019\/05\/segun-una-encuesta-udd-75-de-los-santiaguinos-aprueba-toque-de-queda-para-menores-de-14-anos\/\" target=\"_blank\" rel=\"noopener\">https:\/\/www.rockandpop.cl\/2019\/05\/segun-una-encuesta-udd-75-de-los-santiaguinos-aprueba-toque-de-queda-para-menores-de-14-anos\/<\/a><\/p>\n","protected":false},"excerpt":{"rendered":"<p>El Panel Ciudadano de la Universidad del Desarrollo UDD, realiz\u00f3 una encuesta que revel\u00f3 que el 75% de los santiaguinos, est\u00e1n de acuerdo con el toque de queda para menores de 14 a\u00f1os. La medida busca que no puedan transitar solos desde las 00:00 a las 05:30 horas, si no es con autorizaci\u00f3n de un [&hellip;]<\/p>\n","protected":false},"author":22,"featured_media":4478,"comment_status":"open","ping_status":"open","sticky":false,"template":"","format":"standard","meta":{"footnotes":""},"categories":[10162],"tags":[],"class_list":["post-4438","post","type-post","status-publish","format-standard","has-post-thumbnail","hentry","category-centro-en-la-prensa"],"featured_image_url":"https:\/\/gobierno.udd.cl\/cpp\/files\/2019\/06\/Graficas_PoliticasPublicas-03.jpg","_links":{"self":[{"href":"https:\/\/gobierno.udd.cl\/cpp\/wp-json\/wp\/v2\/posts\/4438","targetHints":{"allow":["GET"]}}],"collection":[{"href":"https:\/\/gobierno.udd.cl\/cpp\/wp-json\/wp\/v2\/posts"}],"about":[{"href":"https:\/\/gobierno.udd.cl\/cpp\/wp-json\/wp\/v2\/types\/post"}],"author":[{"embeddable":true,"href":"https:\/\/gobierno.udd.cl\/cpp\/wp-json\/wp\/v2\/users\/22"}],"replies":[{"embeddable":true,"href":"https:\/\/gobierno.udd.cl\/cpp\/wp-json\/wp\/v2\/comments?post=4438"}],"version-history":[{"count":2,"href":"https:\/\/gobierno.udd.cl\/cpp\/wp-json\/wp\/v2\/posts\/4438\/revisions"}],"predecessor-version":[{"id":4482,"href":"https:\/\/gobierno.udd.cl\/cpp\/wp-json\/wp\/v2\/posts\/4438\/revisions\/4482"}],"wp:featuredmedia":[{"embeddable":true,"href":"https:\/\/gobierno.udd.cl\/cpp\/wp-json\/wp\/v2\/media\/4478"}],"wp:attachment":[{"href":"https:\/\/gobierno.udd.cl\/cpp\/wp-json\/wp\/v2\/media?parent=4438"}],"wp:term":[{"taxonomy":"category","embeddable":true,"href":"https:\/\/gobierno.udd.cl\/cpp\/wp-json\/wp\/v2\/categories?post=4438"},{"taxonomy":"post_tag","embeddable":true,"href":"https:\/\/gobierno.udd.cl\/cpp\/wp-json\/wp\/v2\/tags?post=4438"}],"curies":[{"name":"wp","href":"https:\/\/api.w.org\/{rel}","templated":true}]}}