{"id":4426,"date":"2019-05-23T21:00:41","date_gmt":"2019-05-24T01:00:41","guid":{"rendered":"http:\/\/gobierno.udd.cl\/cpp\/?p=4426"},"modified":"2019-06-10T17:22:02","modified_gmt":"2019-06-10T21:22:02","slug":"proponen-entrega-de-subsidio-a-familias-que-cuiden-a-adultos-mayores-tvn","status":"publish","type":"post","link":"https:\/\/gobierno.udd.cl\/cpp\/noticias\/2019\/05\/23\/proponen-entrega-de-subsidio-a-familias-que-cuiden-a-adultos-mayores-tvn\/","title":{"rendered":"Proponen entrega de subsidio a familias que cuiden a adultos mayores &#8211; TVN"},"content":{"rendered":"<p style=\"text-align: justify;\">Una de las propuesta del programa \u00abclase media protegida, presentada por el gobierno el d\u00eda de ayer contempla la entrega de 80 mil pesos a familias que cuiden a adultos mayores postrados.<\/p>\n<p style=\"text-align: justify;\"><b>Habla:<\/b>\u00a0Jacqueline L\u00f3pez, Cuida a su suegra postrada; Juan Carlos Gacit\u00faa, Su madre est\u00e1 postrada; Sylvian Santander, Subsecretaria (s) de salud p\u00fablica; Mauricio Apablaza, Centro investigaci\u00f3n personas\u00a0 mayores\u00a0<span class=\"highlight\">UDD<\/span>; Alfredo Moreno, Minisrtro de desarrollo social familia.<\/p>\n<p style=\"text-align: justify;\"><b>Menci\u00f3n:<\/b>\u00a0La Florida, Ahorro previsional,\u00a0 Centro nacional del adulto mayor.<\/p>\n<div style=\"width: 640px;\" class=\"wp-video\"><video class=\"wp-video-shortcode\" id=\"video-4426-1\" width=\"640\" height=\"360\" preload=\"metadata\" controls=\"controls\"><source type=\"video\/mp4\" src=\"http:\/\/conectamedia.s3.amazonaws.com\/5553d96102a1e5fa2ae5be87ec40cec6.mp4?_=1\" \/><a href=\"http:\/\/conectamedia.s3.amazonaws.com\/5553d96102a1e5fa2ae5be87ec40cec6.mp4\">http:\/\/conectamedia.s3.amazonaws.com\/5553d96102a1e5fa2ae5be87ec40cec6.mp4<\/a><\/video><\/div>\n","protected":false},"excerpt":{"rendered":"<p>Una de las propuesta del programa \u00abclase media protegida, presentada por el gobierno el d\u00eda de ayer contempla la entrega de 80 mil pesos a familias que cuiden a adultos mayores postrados. Habla:\u00a0Jacqueline L\u00f3pez, Cuida a su suegra postrada; Juan Carlos Gacit\u00faa, Su madre est\u00e1 postrada; Sylvian Santander, Subsecretaria (s) de salud p\u00fablica; Mauricio Apablaza, [&hellip;]<\/p>\n","protected":false},"author":22,"featured_media":4478,"comment_status":"open","ping_status":"open","sticky":false,"template":"","format":"standard","meta":{"footnotes":""},"categories":[10162],"tags":[],"class_list":["post-4426","post","type-post","status-publish","format-standard","has-post-thumbnail","hentry","category-centro-en-la-prensa"],"featured_image_url":"https:\/\/gobierno.udd.cl\/cpp\/files\/2019\/06\/Graficas_PoliticasPublicas-03.jpg","_links":{"self":[{"href":"https:\/\/gobierno.udd.cl\/cpp\/wp-json\/wp\/v2\/posts\/4426","targetHints":{"allow":["GET"]}}],"collection":[{"href":"https:\/\/gobierno.udd.cl\/cpp\/wp-json\/wp\/v2\/posts"}],"about":[{"href":"https:\/\/gobierno.udd.cl\/cpp\/wp-json\/wp\/v2\/types\/post"}],"author":[{"embeddable":true,"href":"https:\/\/gobierno.udd.cl\/cpp\/wp-json\/wp\/v2\/users\/22"}],"replies":[{"embeddable":true,"href":"https:\/\/gobierno.udd.cl\/cpp\/wp-json\/wp\/v2\/comments?post=4426"}],"version-history":[{"count":2,"href":"https:\/\/gobierno.udd.cl\/cpp\/wp-json\/wp\/v2\/posts\/4426\/revisions"}],"predecessor-version":[{"id":4429,"href":"https:\/\/gobierno.udd.cl\/cpp\/wp-json\/wp\/v2\/posts\/4426\/revisions\/4429"}],"wp:featuredmedia":[{"embeddable":true,"href":"https:\/\/gobierno.udd.cl\/cpp\/wp-json\/wp\/v2\/media\/4478"}],"wp:attachment":[{"href":"https:\/\/gobierno.udd.cl\/cpp\/wp-json\/wp\/v2\/media?parent=4426"}],"wp:term":[{"taxonomy":"category","embeddable":true,"href":"https:\/\/gobierno.udd.cl\/cpp\/wp-json\/wp\/v2\/categories?post=4426"},{"taxonomy":"post_tag","embeddable":true,"href":"https:\/\/gobierno.udd.cl\/cpp\/wp-json\/wp\/v2\/tags?post=4426"}],"curies":[{"name":"wp","href":"https:\/\/api.w.org\/{rel}","templated":true}]}}