{"id":44,"date":"2012-11-09T17:11:48","date_gmt":"2012-11-09T20:11:48","guid":{"rendered":"http:\/\/gobierno.udd.cl\/ceipp\/?p=44"},"modified":"2015-01-16T12:45:06","modified_gmt":"2015-01-16T15:45:06","slug":"docente-udd-participara-en-el-xvii-congreso-panamericano-de-ingenieria-de-transito-transporte-y-logistica","status":"publish","type":"post","link":"https:\/\/gobierno.udd.cl\/cpp\/noticias\/2012\/11\/09\/docente-udd-participara-en-el-xvii-congreso-panamericano-de-ingenieria-de-transito-transporte-y-logistica\/","title":{"rendered":"El director del Mag\u00edster de Pol\u00edticas P\u00fablicas analizar\u00e1 el Transantiago en PANAM"},"content":{"rendered":"<p><strong>\u00a0<\/strong><\/p>\n<p style=\"text-align: justify; padding-left: 90px;\"><a href=\"http:\/\/gobierno.udd.cl\/cpp\/files\/2013\/07\/Rodrigo-Troncoso_destacada.jpg\"><img loading=\"lazy\" decoding=\"async\" class=\"alignnone size-medium wp-image-506\" alt=\"Rodrigo Troncoso_destacada\" src=\"http:\/\/gobierno.udd.cl\/cpp\/files\/2013\/07\/Rodrigo-Troncoso_destacada-300x196.jpg\" width=\"300\" height=\"196\" srcset=\"https:\/\/gobierno.udd.cl\/cpp\/files\/2013\/07\/Rodrigo-Troncoso_destacada-300x196.jpg 300w, https:\/\/gobierno.udd.cl\/cpp\/files\/2013\/07\/Rodrigo-Troncoso_destacada-1024x669.jpg 1024w, https:\/\/gobierno.udd.cl\/cpp\/files\/2013\/07\/Rodrigo-Troncoso_destacada-660x430.jpg 660w, https:\/\/gobierno.udd.cl\/cpp\/files\/2013\/07\/Rodrigo-Troncoso_destacada-960x627.jpg 960w\" sizes=\"auto, (max-width: 300px) 100vw, 300px\" \/><\/a><\/p>\n<p style=\"text-align: justify;\">El Congreso Panamericano de Ingenier\u00eda de Tr\u00e1nsito, Transporte y Log\u00edstica (PANAM) es la conferencia de transporte m\u00e1s importante de Iberoam\u00e9rica y se viene realizando bienalmente desde 1980. Con el paso del tiempo se ha convertido en el lugar de encuentro no s\u00f3lo para profesionales y acad\u00e9micos del \u00e1rea, sino tambi\u00e9n para representantes de empresas privadas y ejecutivos de instituciones p\u00fablicas.<\/p>\n<p style=\"text-align: justify;\">Rodrigo Troncoso es docente, investigador y director del <a href=\"http:\/\/gobierno.udd.cl\/mpp\/\">Mag\u00edster de Pol\u00edticas P\u00fablicas<\/a> de la Universidad del Desarrollo, y \u00a0junto a\u00a0Louis de Grange, Felipe Gonz\u00e1les y Juan Carlos Mu\u00f1oz, \u00a0expondr\u00e1n la ponencia: \u201cEstimaci\u00f3n agregada de elasticidades precio-demanda para sistemas de transporte p\u00fablico con tarifa integrada: El caso de Transantiago\u00bb.<\/p>\n<p style=\"text-align: justify;\">La presentaci\u00f3n se realizar\u00e1 ma\u00f1ana Martes 24 de septiembre a las 9:00 hrs., en la Aula Magna Biblioteca Sergio Jara de la Universidad de los Andes ( \u00a0San Carlos de Apoquindo 2200,\u00a0Las Condes).<\/p>\n<p style=\"text-align: justify;\">Para mayor informaci\u00f3n, a continuaci\u00f3n se puede visitar la p\u00e1gina oficial del Congreso: \u00a0<a href=\"http:\/\/ing.uandes.cl\/panam2012\/\">PANAM 2012<\/a><\/p>\n","protected":false},"excerpt":{"rendered":"<p>El director del Mag\u00edster de Pol\u00edticas P\u00fablicas analizar\u00e1 el Transantiago como caso de estudio en el trabajo que expondr\u00e1 en el Congreso \u00abXVII Congreso Panamericano de Ingenier\u00eda de Tr\u00e1nsito, Transporte y Log\u00edstica\u00bb<\/p>\n","protected":false},"author":1,"featured_media":506,"comment_status":"open","ping_status":"open","sticky":false,"template":"","format":"standard","meta":{"footnotes":""},"categories":[4],"tags":[7387,7378,7386],"class_list":["post-44","post","type-post","status-publish","format-standard","has-post-thumbnail","hentry","category-noticias","tag-mpp","tag-rodrigo-troncoso","tag-transantiago"],"featured_image_url":"https:\/\/gobierno.udd.cl\/cpp\/files\/2013\/07\/Rodrigo-Troncoso_destacada.jpg","_links":{"self":[{"href":"https:\/\/gobierno.udd.cl\/cpp\/wp-json\/wp\/v2\/posts\/44","targetHints":{"allow":["GET"]}}],"collection":[{"href":"https:\/\/gobierno.udd.cl\/cpp\/wp-json\/wp\/v2\/posts"}],"about":[{"href":"https:\/\/gobierno.udd.cl\/cpp\/wp-json\/wp\/v2\/types\/post"}],"author":[{"embeddable":true,"href":"https:\/\/gobierno.udd.cl\/cpp\/wp-json\/wp\/v2\/users\/1"}],"replies":[{"embeddable":true,"href":"https:\/\/gobierno.udd.cl\/cpp\/wp-json\/wp\/v2\/comments?post=44"}],"version-history":[{"count":8,"href":"https:\/\/gobierno.udd.cl\/cpp\/wp-json\/wp\/v2\/posts\/44\/revisions"}],"predecessor-version":[{"id":534,"href":"https:\/\/gobierno.udd.cl\/cpp\/wp-json\/wp\/v2\/posts\/44\/revisions\/534"}],"wp:featuredmedia":[{"embeddable":true,"href":"https:\/\/gobierno.udd.cl\/cpp\/wp-json\/wp\/v2\/media\/506"}],"wp:attachment":[{"href":"https:\/\/gobierno.udd.cl\/cpp\/wp-json\/wp\/v2\/media?parent=44"}],"wp:term":[{"taxonomy":"category","embeddable":true,"href":"https:\/\/gobierno.udd.cl\/cpp\/wp-json\/wp\/v2\/categories?post=44"},{"taxonomy":"post_tag","embeddable":true,"href":"https:\/\/gobierno.udd.cl\/cpp\/wp-json\/wp\/v2\/tags?post=44"}],"curies":[{"name":"wp","href":"https:\/\/api.w.org\/{rel}","templated":true}]}}